{"id":59527,"date":"2025-10-05T22:17:26","date_gmt":"2025-10-05T19:17:26","guid":{"rendered":"https:\/\/www.egemtv.com\/?p=59527"},"modified":"2025-10-05T22:17:49","modified_gmt":"2025-10-05T19:17:49","slug":"manisada-otomomil-motosikletle-carpisti-1-olu","status":"publish","type":"post","link":"https:\/\/www.egemtv.com\/?p=59527","title":{"rendered":"Manisa\u2019da otomomil motosikletle \u00e7arp\u0131\u015ft\u0131: 1 \u00f6l\u00fc"},"content":{"rendered":"<p>Manisa\u2019n\u0131n Sar\u0131g\u00f6l il\u00e7esinde otomobille \u00e7arp\u0131\u015fan motosikletin s\u00fcr\u00fcc\u00fcs\u00fc hayat\u0131n\u0131 kaybetti.<br \/>\n<br \/>Kaza, Sar\u0131g\u00f6l il\u00e7esi Ahmeta\u011fa Mahallesi\u2019nde meydana geldi. Edinilen bilgiye g\u00f6re, motosikletle seyir halinde olan Musa Urganc\u0131 (66), E.G. idaresindeki 07 BAR 287 plakal\u0131 otomobille \u00e7arp\u0131\u015ft\u0131. \u00c7evredekilerin haber vermesi \u00fczerine b\u00f6lgeye sa\u011fl\u0131k ve jandarma ekipleri sevk edildi. Sa\u011fl\u0131k ekipleri, motosiklet s\u00fcr\u00fcc\u00fcs\u00fc Musa Urganc\u0131\u2019n\u0131n olay yerinde hayat\u0131n\u0131 kaybetti\u011fini belirledi. E.G. g\u00f6zalt\u0131na al\u0131n\u0131rken, kazayla ilgili soru\u015fturma ba\u015flat\u0131ld\u0131.<br \/><\/p>\n","protected":false},"excerpt":{"rendered":"<p>Manisa\u2019n\u0131n Sar\u0131g\u00f6l il\u00e7esinde otomobille \u00e7arp\u0131\u015fan motosikletin s\u00fcr\u00fcc\u00fcs\u00fc hayat\u0131n\u0131 kaybetti. Kaza, Sar\u0131g\u00f6l il\u00e7esi Ahmeta\u011fa Mahallesi\u2019nde meydana geldi. Edinilen bilgiye g\u00f6re, motosikletle seyir halinde olan Musa Urganc\u0131 (66), E.G. idaresindeki 07 BAR 287 plakal\u0131 otomobille \u00e7arp\u0131\u015ft\u0131. \u00c7evredekilerin haber vermesi \u00fczerine b\u00f6lgeye sa\u011fl\u0131k ve jandarma ekipleri sevk edildi. Sa\u011fl\u0131k ekipleri, motosiklet s\u00fcr\u00fcc\u00fcs\u00fc Musa Urganc\u0131\u2019n\u0131n olay yerinde hayat\u0131n\u0131 kaybetti\u011fini&#8230;<\/p>\n","protected":false},"author":1,"featured_media":59528,"comment_status":"open","ping_status":"open","sticky":false,"template":"","format":"standard","meta":{"_crdt_document":"","footnotes":""},"categories":[5],"tags":[],"class_list":["post-59527","post","type-post","status-publish","format-standard","has-post-thumbnail","hentry","category-asayis"],"_links":{"self":[{"href":"https:\/\/www.egemtv.com\/index.php?rest_route=\/wp\/v2\/posts\/59527","targetHints":{"allow":["GET"]}}],"collection":[{"href":"https:\/\/www.egemtv.com\/index.php?rest_route=\/wp\/v2\/posts"}],"about":[{"href":"https:\/\/www.egemtv.com\/index.php?rest_route=\/wp\/v2\/types\/post"}],"author":[{"embeddable":true,"href":"https:\/\/www.egemtv.com\/index.php?rest_route=\/wp\/v2\/users\/1"}],"replies":[{"embeddable":true,"href":"https:\/\/www.egemtv.com\/index.php?rest_route=%2Fwp%2Fv2%2Fcomments&post=59527"}],"version-history":[{"count":1,"href":"https:\/\/www.egemtv.com\/index.php?rest_route=\/wp\/v2\/posts\/59527\/revisions"}],"predecessor-version":[{"id":59529,"href":"https:\/\/www.egemtv.com\/index.php?rest_route=\/wp\/v2\/posts\/59527\/revisions\/59529"}],"wp:featuredmedia":[{"embeddable":true,"href":"https:\/\/www.egemtv.com\/index.php?rest_route=\/wp\/v2\/media\/59528"}],"wp:attachment":[{"href":"https:\/\/www.egemtv.com\/index.php?rest_route=%2Fwp%2Fv2%2Fmedia&parent=59527"}],"wp:term":[{"taxonomy":"category","embeddable":true,"href":"https:\/\/www.egemtv.com\/index.php?rest_route=%2Fwp%2Fv2%2Fcategories&post=59527"},{"taxonomy":"post_tag","embeddable":true,"href":"https:\/\/www.egemtv.com\/index.php?rest_route=%2Fwp%2Fv2%2Ftags&post=59527"}],"curies":[{"name":"wp","href":"https:\/\/api.w.org\/{rel}","templated":true}]}}