{"id":59518,"date":"2025-10-05T22:15:33","date_gmt":"2025-10-05T19:15:33","guid":{"rendered":"https:\/\/www.egemtv.com\/?p=59518"},"modified":"2025-10-05T22:15:43","modified_gmt":"2025-10-05T19:15:43","slug":"sefer-yilmaz-ilk-yarida-istedigimiz-skoru-elde-ettik","status":"publish","type":"post","link":"https:\/\/www.egemtv.com\/?p=59518","title":{"rendered":"Sefer Y\u0131lmaz: &#8220;\u0130lk yar\u0131da istedi\u011fimiz skoru elde ettik&#8221;"},"content":{"rendered":"<p>Bodrum FK Teknik Sorumlusu Sefer Y\u0131lmaz, Hatayspor kar\u015f\u0131s\u0131nda ilk yar\u0131da istedikleri skoru elde ettiklerini s\u00f6yledi.<br \/>\n<br \/>Trendyol 1. Lig\u2019in 9. haftas\u0131nda Bodrum FK sahas\u0131nda kar\u015f\u0131la\u015ft\u0131\u011f\u0131 Hatayspor\u2019u 5-0 ma\u011flup etti. M\u00fcsabakan\u0131n ard\u0131ndan d\u00fczenlenen bas\u0131n toplant\u0131s\u0131nda konu\u015fan Bodrum FK Teknik Sorumlu Sefer Y\u0131lmaz, kendileri i\u00e7in \u00e7ok g\u00fczel bir ak\u015fam oldu\u011funu vurgulayarak, &#8220;Bizim i\u00e7in \u00e7ok g\u00fczel bir ak\u015fam oldu. \u00c7ok iyi haz\u0131rland\u0131\u011f\u0131m\u0131z bir ma\u00e7t\u0131. \u0130lk yar\u0131da istedi\u011fimiz skoru elde ettik. \u0130kinci yar\u0131da biraz daha kontroll\u00fc oyunla galibiyetle ayr\u0131ld\u0131k. B\u00fct\u00fcn futbolcu arkada\u015flar\u0131m\u0131za te\u015fekk\u00fcr ederiz. Milli ma\u00e7 aras\u0131ndan sonraki periyotta zorluyduk. Kupada oynad\u0131k, hafta i\u00e7i ma\u00e7lar\u0131yla 5 ma\u00e7 oynad\u0131k. Puan farklar\u0131 \u00e7ok yak\u0131n. Ma\u00e7tan \u00f6nce bakt\u0131\u011f\u0131mda 4. s\u0131raya kadar d\u00fc\u015fm\u00fc\u015ft\u00fck. Galibiyetle yeniden liderli\u011fe y\u00fckseldik. Yar\u0131\u015f sezon sonuna kadar devam edecek. Milli araya mutlu girdik ve bu iki haftal\u0131k aray\u0131 iyi de\u011ferlendirmek istiyoruz. 4 ma\u00e7l\u0131k zor periyot bizi bekliyor ve en iyi \u015fekilde haz\u0131rlanmak istiyoruz&#8221; diye konu\u015ftu.<br \/><\/p>\n","protected":false},"excerpt":{"rendered":"<p>Bodrum FK Teknik Sorumlusu Sefer Y\u0131lmaz, Hatayspor kar\u015f\u0131s\u0131nda ilk yar\u0131da istedikleri skoru elde ettiklerini s\u00f6yledi. Trendyol 1. Lig\u2019in 9. haftas\u0131nda Bodrum FK sahas\u0131nda kar\u015f\u0131la\u015ft\u0131\u011f\u0131 Hatayspor\u2019u 5-0 ma\u011flup etti. M\u00fcsabakan\u0131n ard\u0131ndan d\u00fczenlenen bas\u0131n toplant\u0131s\u0131nda konu\u015fan Bodrum FK Teknik Sorumlu Sefer Y\u0131lmaz, kendileri i\u00e7in \u00e7ok g\u00fczel bir ak\u015fam oldu\u011funu vurgulayarak, &#8220;Bizim i\u00e7in \u00e7ok g\u00fczel bir ak\u015fam oldu&#8230;.<\/p>\n","protected":false},"author":1,"featured_media":59519,"comment_status":"open","ping_status":"open","sticky":false,"template":"","format":"standard","meta":{"_crdt_document":"","footnotes":""},"categories":[4],"tags":[],"class_list":["post-59518","post","type-post","status-publish","format-standard","has-post-thumbnail","hentry","category-spor"],"_links":{"self":[{"href":"https:\/\/www.egemtv.com\/index.php?rest_route=\/wp\/v2\/posts\/59518","targetHints":{"allow":["GET"]}}],"collection":[{"href":"https:\/\/www.egemtv.com\/index.php?rest_route=\/wp\/v2\/posts"}],"about":[{"href":"https:\/\/www.egemtv.com\/index.php?rest_route=\/wp\/v2\/types\/post"}],"author":[{"embeddable":true,"href":"https:\/\/www.egemtv.com\/index.php?rest_route=\/wp\/v2\/users\/1"}],"replies":[{"embeddable":true,"href":"https:\/\/www.egemtv.com\/index.php?rest_route=%2Fwp%2Fv2%2Fcomments&post=59518"}],"version-history":[{"count":1,"href":"https:\/\/www.egemtv.com\/index.php?rest_route=\/wp\/v2\/posts\/59518\/revisions"}],"predecessor-version":[{"id":59520,"href":"https:\/\/www.egemtv.com\/index.php?rest_route=\/wp\/v2\/posts\/59518\/revisions\/59520"}],"wp:featuredmedia":[{"embeddable":true,"href":"https:\/\/www.egemtv.com\/index.php?rest_route=\/wp\/v2\/media\/59519"}],"wp:attachment":[{"href":"https:\/\/www.egemtv.com\/index.php?rest_route=%2Fwp%2Fv2%2Fmedia&parent=59518"}],"wp:term":[{"taxonomy":"category","embeddable":true,"href":"https:\/\/www.egemtv.com\/index.php?rest_route=%2Fwp%2Fv2%2Fcategories&post=59518"},{"taxonomy":"post_tag","embeddable":true,"href":"https:\/\/www.egemtv.com\/index.php?rest_route=%2Fwp%2Fv2%2Ftags&post=59518"}],"curies":[{"name":"wp","href":"https:\/\/api.w.org\/{rel}","templated":true}]}}