{"id":59512,"date":"2025-10-05T21:35:09","date_gmt":"2025-10-05T18:35:09","guid":{"rendered":"https:\/\/www.egemtv.com\/?p=59512"},"modified":"2025-10-05T21:35:33","modified_gmt":"2025-10-05T18:35:33","slug":"imren-alacatispor-balcova-deplasmaninda-farkli-maglup-oldu","status":"publish","type":"post","link":"https:\/\/www.egemtv.com\/?p=59512","title":{"rendered":"\u0130mren Ala\u00e7at\u0131spor, Bal\u00e7ova deplasman\u0131nda farkl\u0131 ma\u011flup oldu"},"content":{"rendered":"<p>\u0130zmir S\u00fcper Amat\u00f6r Lig E Grubu\u2019nun 2. haftas\u0131nda \u0130mren Ala\u00e7at\u0131spor, deplasmanda kar\u015f\u0131la\u015ft\u0131\u011f\u0131 Bal\u00e7ova Termalspor kar\u015f\u0131s\u0131nda sahadan 5-0\u2019l\u0131k yenilgiyle ayr\u0131ld\u0131.<br \/>\n<br \/>Kar\u015f\u0131la\u015fman\u0131n 36. dakikas\u0131nda Talha Kadir \u00d6zt\u00fcrk\u2019\u00fcn gol\u00fcyle 1-0 geriye d\u00fc\u015fen Ala\u00e7at\u0131spor, ilk yar\u0131y\u0131 bu skorla tamamlad\u0131. \u0130kinci yar\u0131da oyuna a\u011f\u0131rl\u0131\u011f\u0131n\u0131 koyan Bal\u00e7ova Termal, 52. dakikada Fatih K\u00f6m\u00fcr, 60. ve 73. dakikalarda Egehan Do\u011fandemir ve 90. dakikada Efe Yavman\u2019\u0131n golleriyle fark\u0131 a\u00e7arak ma\u00e7\u0131 5-0 kazand\u0131.<br \/>\n<br \/>Bu sonu\u00e7la \u0130mren Ala\u00e7at\u0131spor, haftay\u0131 7. s\u0131rada tamamlad\u0131. Ala\u00e7at\u0131 ekibi, 12 Ekim Pazar g\u00fcn\u00fc saat 15.00\u2019te sahas\u0131nda G\u00fczelbah\u00e7e FSK\u2019y\u0131 konuk edecek.<br \/><\/p>\n","protected":false},"excerpt":{"rendered":"<p>\u0130zmir S\u00fcper Amat\u00f6r Lig E Grubu\u2019nun 2. haftas\u0131nda \u0130mren Ala\u00e7at\u0131spor, deplasmanda kar\u015f\u0131la\u015ft\u0131\u011f\u0131 Bal\u00e7ova Termalspor kar\u015f\u0131s\u0131nda sahadan 5-0\u2019l\u0131k yenilgiyle ayr\u0131ld\u0131. Kar\u015f\u0131la\u015fman\u0131n 36. dakikas\u0131nda Talha Kadir \u00d6zt\u00fcrk\u2019\u00fcn gol\u00fcyle 1-0 geriye d\u00fc\u015fen Ala\u00e7at\u0131spor, ilk yar\u0131y\u0131 bu skorla tamamlad\u0131. \u0130kinci yar\u0131da oyuna a\u011f\u0131rl\u0131\u011f\u0131n\u0131 koyan Bal\u00e7ova Termal, 52. dakikada Fatih K\u00f6m\u00fcr, 60. ve 73. dakikalarda Egehan Do\u011fandemir ve 90. dakikada&#8230;<\/p>\n","protected":false},"author":1,"featured_media":59513,"comment_status":"open","ping_status":"open","sticky":false,"template":"","format":"standard","meta":{"_crdt_document":"","footnotes":""},"categories":[4],"tags":[],"class_list":["post-59512","post","type-post","status-publish","format-standard","has-post-thumbnail","hentry","category-spor"],"_links":{"self":[{"href":"https:\/\/www.egemtv.com\/index.php?rest_route=\/wp\/v2\/posts\/59512","targetHints":{"allow":["GET"]}}],"collection":[{"href":"https:\/\/www.egemtv.com\/index.php?rest_route=\/wp\/v2\/posts"}],"about":[{"href":"https:\/\/www.egemtv.com\/index.php?rest_route=\/wp\/v2\/types\/post"}],"author":[{"embeddable":true,"href":"https:\/\/www.egemtv.com\/index.php?rest_route=\/wp\/v2\/users\/1"}],"replies":[{"embeddable":true,"href":"https:\/\/www.egemtv.com\/index.php?rest_route=%2Fwp%2Fv2%2Fcomments&post=59512"}],"version-history":[{"count":1,"href":"https:\/\/www.egemtv.com\/index.php?rest_route=\/wp\/v2\/posts\/59512\/revisions"}],"predecessor-version":[{"id":59514,"href":"https:\/\/www.egemtv.com\/index.php?rest_route=\/wp\/v2\/posts\/59512\/revisions\/59514"}],"wp:featuredmedia":[{"embeddable":true,"href":"https:\/\/www.egemtv.com\/index.php?rest_route=\/wp\/v2\/media\/59513"}],"wp:attachment":[{"href":"https:\/\/www.egemtv.com\/index.php?rest_route=%2Fwp%2Fv2%2Fmedia&parent=59512"}],"wp:term":[{"taxonomy":"category","embeddable":true,"href":"https:\/\/www.egemtv.com\/index.php?rest_route=%2Fwp%2Fv2%2Fcategories&post=59512"},{"taxonomy":"post_tag","embeddable":true,"href":"https:\/\/www.egemtv.com\/index.php?rest_route=%2Fwp%2Fv2%2Ftags&post=59512"}],"curies":[{"name":"wp","href":"https:\/\/api.w.org\/{rel}","templated":true}]}}