{"id":59506,"date":"2025-10-05T20:55:04","date_gmt":"2025-10-05T17:55:04","guid":{"rendered":"https:\/\/www.egemtv.com\/?p=59506"},"modified":"2025-10-05T20:55:07","modified_gmt":"2025-10-05T17:55:07","slug":"izmirde-bir-kadin-kocasi-tarafindan-bicaklanarak-olduruldu","status":"publish","type":"post","link":"https:\/\/www.egemtv.com\/?p=59506","title":{"rendered":"\u0130zmir\u2019de bir kad\u0131n kocas\u0131 taraf\u0131ndan b\u0131\u00e7aklanarak \u00f6ld\u00fcr\u00fcld\u00fc"},"content":{"rendered":"<p>\u0130zmir\u2019in Menderes il\u00e7esinde uzakla\u015ft\u0131rma karar\u0131 ald\u0131rd\u0131\u011f\u0131 kocas\u0131 taraf\u0131ndan b\u0131\u00e7aklanan kad\u0131n hayat\u0131n\u0131 kaybetti.<br \/>\n<br \/>Olay, saat 13.15 s\u0131ralar\u0131nda G\u00f6rece Mahallesi \u0130bni Sina Sokak\u2019taki bir binada meydana geldi. Edinilen bilgiye g\u00f6re, Serpil G\u00fcral (45) ile kocas\u0131 A.G. (48) aras\u0131nda bilinmeyen bir nedenle tart\u0131\u015fma \u00e7\u0131kt\u0131. Tart\u0131\u015fman\u0131n b\u00fcy\u00fcmesi \u00fczerine A.G., e\u015fi Serpil G\u00fcral\u2019\u0131 b\u0131\u00e7aklad\u0131. \u0130hbar \u00fczerine olay yerine polis ve sa\u011fl\u0131k ekipleri sevk edildi. Sa\u011fl\u0131k ekipleri taraf\u0131ndan yap\u0131lan kontrolde 2 \u00e7ocuk annesi G\u00fcral\u2019\u0131n ya\u015fam\u0131n\u0131 yitirdi\u011fi belirlendi. G\u00fcral\u2019\u0131n cans\u0131z bedeni, savc\u0131n\u0131n incelemesinin ard\u0131ndan otopsi i\u00e7in Adli T\u0131p Kurumu morguna kald\u0131r\u0131ld\u0131. E\u015fini b\u0131\u00e7aklayarak \u00f6ld\u00fcren A.G. ise polis ekiplerince yakalanarak g\u00f6zalt\u0131na al\u0131nd\u0131.<br \/>\n<br \/>Hayat\u0131n\u0131 kaybeden Serpil G\u00fcral\u2019\u0131n 22 Eyl\u00fcl\u2019de kocas\u0131 A.G. i\u00e7in 1 ay s\u00fcreyle uzakla\u015ft\u0131rma karar\u0131 ald\u0131rd\u0131\u011f\u0131 \u00f6\u011frenildi. Olayla ilgili ba\u015flat\u0131lan soru\u015fturma s\u00fcr\u00fcyor.<br \/><\/p>\n","protected":false},"excerpt":{"rendered":"<p>\u0130zmir\u2019in Menderes il\u00e7esinde uzakla\u015ft\u0131rma karar\u0131 ald\u0131rd\u0131\u011f\u0131 kocas\u0131 taraf\u0131ndan b\u0131\u00e7aklanan kad\u0131n hayat\u0131n\u0131 kaybetti. Olay, saat 13.15 s\u0131ralar\u0131nda G\u00f6rece Mahallesi \u0130bni Sina Sokak\u2019taki bir binada meydana geldi. Edinilen bilgiye g\u00f6re, Serpil G\u00fcral (45) ile kocas\u0131 A.G. (48) aras\u0131nda bilinmeyen bir nedenle tart\u0131\u015fma \u00e7\u0131kt\u0131. Tart\u0131\u015fman\u0131n b\u00fcy\u00fcmesi \u00fczerine A.G., e\u015fi Serpil G\u00fcral\u2019\u0131 b\u0131\u00e7aklad\u0131. \u0130hbar \u00fczerine olay yerine polis ve&#8230;<\/p>\n","protected":false},"author":1,"featured_media":59507,"comment_status":"open","ping_status":"open","sticky":false,"template":"","format":"standard","meta":{"_crdt_document":"","footnotes":""},"categories":[5],"tags":[],"class_list":["post-59506","post","type-post","status-publish","format-standard","has-post-thumbnail","hentry","category-asayis"],"_links":{"self":[{"href":"https:\/\/www.egemtv.com\/index.php?rest_route=\/wp\/v2\/posts\/59506","targetHints":{"allow":["GET"]}}],"collection":[{"href":"https:\/\/www.egemtv.com\/index.php?rest_route=\/wp\/v2\/posts"}],"about":[{"href":"https:\/\/www.egemtv.com\/index.php?rest_route=\/wp\/v2\/types\/post"}],"author":[{"embeddable":true,"href":"https:\/\/www.egemtv.com\/index.php?rest_route=\/wp\/v2\/users\/1"}],"replies":[{"embeddable":true,"href":"https:\/\/www.egemtv.com\/index.php?rest_route=%2Fwp%2Fv2%2Fcomments&post=59506"}],"version-history":[{"count":1,"href":"https:\/\/www.egemtv.com\/index.php?rest_route=\/wp\/v2\/posts\/59506\/revisions"}],"predecessor-version":[{"id":59508,"href":"https:\/\/www.egemtv.com\/index.php?rest_route=\/wp\/v2\/posts\/59506\/revisions\/59508"}],"wp:featuredmedia":[{"embeddable":true,"href":"https:\/\/www.egemtv.com\/index.php?rest_route=\/wp\/v2\/media\/59507"}],"wp:attachment":[{"href":"https:\/\/www.egemtv.com\/index.php?rest_route=%2Fwp%2Fv2%2Fmedia&parent=59506"}],"wp:term":[{"taxonomy":"category","embeddable":true,"href":"https:\/\/www.egemtv.com\/index.php?rest_route=%2Fwp%2Fv2%2Fcategories&post=59506"},{"taxonomy":"post_tag","embeddable":true,"href":"https:\/\/www.egemtv.com\/index.php?rest_route=%2Fwp%2Fv2%2Ftags&post=59506"}],"curies":[{"name":"wp","href":"https:\/\/api.w.org\/{rel}","templated":true}]}}