{"id":59503,"date":"2025-10-05T20:54:56","date_gmt":"2025-10-05T17:54:56","guid":{"rendered":"https:\/\/www.egemtv.com\/?p=59503"},"modified":"2025-10-05T20:54:59","modified_gmt":"2025-10-05T17:54:59","slug":"didim-belediyespor-kadin-voleybol-takimi-sezona-galibiyet-ile-basladi","status":"publish","type":"post","link":"https:\/\/www.egemtv.com\/?p=59503","title":{"rendered":"Didim Belediyespor Kad\u0131n Voleybol Tak\u0131m\u0131 sezona galibiyet ile ba\u015flad\u0131"},"content":{"rendered":"<p>T\u00fcrkiye Voleybol Federasyonu (TVF) Kad\u0131nlar 2. Lig 7. Grup\u2019ta m\u00fccadele eden Didim Belediyespor Kad\u0131n Voleybol Tak\u0131m\u0131, sezonun ilk ma\u00e7\u0131nda \u00dclk\u00fc Spor Kul\u00fcb\u00fc\u2019n\u00fc 3-0 ma\u011flup etti.<\/p>\n<p>Didim Atat\u00fcrk Spor Salonu\u2019nda oynanan kar\u015f\u0131la\u015fmada trib\u00fcnler tamamen dolarken, Didim halk\u0131n\u0131n co\u015fkulu deste\u011fi sahaya b\u00fcy\u00fck bir enerji katt\u0131. Set boyunca etkili servisleri, ba\u015far\u0131l\u0131 savunmas\u0131 ve \u00fcst\u00fcn tak\u0131m uyumuyla \u00f6ne \u00e7\u0131kan Polat Group Didim Belediyespor, rakibine adeta nefes ald\u0131rmad\u0131. Ma\u00e7\u0131n ard\u0131ndan a\u00e7\u0131klama yapan Didim Belediye Ba\u015fkan\u0131 Hatice Gen\u00e7ay tak\u0131m\u0131 kutlayarak, &#8220;Didim\u2019in gururu Didim Belediyespor Kad\u0131n Voleybol Tak\u0131m\u0131m\u0131z\u0131 y\u00fcrekten kutluyorum. Sezonun ilk ma\u00e7\u0131nda g\u00f6sterdikleri azim, disiplin ve dayan\u0131\u015fma ruhu bizlere hem umut hem de b\u00fcy\u00fck bir gurur verdi. Tak\u0131m\u0131m\u0131z\u0131n bu sezon \u00e7ok ba\u015far\u0131l\u0131 olaca\u011f\u0131na inan\u0131yorum. Trib\u00fcnleri dolduran ve sporcular\u0131m\u0131za g\u00fc\u00e7 veren t\u00fcm halk\u0131m\u0131za te\u015fekk\u00fcr ediyorum. Spora ve sporcuya deste\u011fimiz kararl\u0131l\u0131kla s\u00fcrecek&#8221; dedi.<br \/><\/p>\n","protected":false},"excerpt":{"rendered":"<p>T\u00fcrkiye Voleybol Federasyonu (TVF) Kad\u0131nlar 2. Lig 7. Grup\u2019ta m\u00fccadele eden Didim Belediyespor Kad\u0131n Voleybol Tak\u0131m\u0131, sezonun ilk ma\u00e7\u0131nda \u00dclk\u00fc Spor Kul\u00fcb\u00fc\u2019n\u00fc 3-0 ma\u011flup etti. Didim Atat\u00fcrk Spor Salonu\u2019nda oynanan kar\u015f\u0131la\u015fmada trib\u00fcnler tamamen dolarken, Didim halk\u0131n\u0131n co\u015fkulu deste\u011fi sahaya b\u00fcy\u00fck bir enerji katt\u0131. Set boyunca etkili servisleri, ba\u015far\u0131l\u0131 savunmas\u0131 ve \u00fcst\u00fcn tak\u0131m uyumuyla \u00f6ne \u00e7\u0131kan&#8230;<\/p>\n","protected":false},"author":1,"featured_media":59504,"comment_status":"open","ping_status":"open","sticky":false,"template":"","format":"standard","meta":{"_crdt_document":"","footnotes":""},"categories":[4],"tags":[],"class_list":["post-59503","post","type-post","status-publish","format-standard","has-post-thumbnail","hentry","category-spor"],"_links":{"self":[{"href":"https:\/\/www.egemtv.com\/index.php?rest_route=\/wp\/v2\/posts\/59503","targetHints":{"allow":["GET"]}}],"collection":[{"href":"https:\/\/www.egemtv.com\/index.php?rest_route=\/wp\/v2\/posts"}],"about":[{"href":"https:\/\/www.egemtv.com\/index.php?rest_route=\/wp\/v2\/types\/post"}],"author":[{"embeddable":true,"href":"https:\/\/www.egemtv.com\/index.php?rest_route=\/wp\/v2\/users\/1"}],"replies":[{"embeddable":true,"href":"https:\/\/www.egemtv.com\/index.php?rest_route=%2Fwp%2Fv2%2Fcomments&post=59503"}],"version-history":[{"count":1,"href":"https:\/\/www.egemtv.com\/index.php?rest_route=\/wp\/v2\/posts\/59503\/revisions"}],"predecessor-version":[{"id":59505,"href":"https:\/\/www.egemtv.com\/index.php?rest_route=\/wp\/v2\/posts\/59503\/revisions\/59505"}],"wp:featuredmedia":[{"embeddable":true,"href":"https:\/\/www.egemtv.com\/index.php?rest_route=\/wp\/v2\/media\/59504"}],"wp:attachment":[{"href":"https:\/\/www.egemtv.com\/index.php?rest_route=%2Fwp%2Fv2%2Fmedia&parent=59503"}],"wp:term":[{"taxonomy":"category","embeddable":true,"href":"https:\/\/www.egemtv.com\/index.php?rest_route=%2Fwp%2Fv2%2Fcategories&post=59503"},{"taxonomy":"post_tag","embeddable":true,"href":"https:\/\/www.egemtv.com\/index.php?rest_route=%2Fwp%2Fv2%2Ftags&post=59503"}],"curies":[{"name":"wp","href":"https:\/\/api.w.org\/{rel}","templated":true}]}}