{"id":59500,"date":"2025-10-05T20:54:47","date_gmt":"2025-10-05T17:54:47","guid":{"rendered":"https:\/\/www.egemtv.com\/?p=59500"},"modified":"2025-10-05T20:54:52","modified_gmt":"2025-10-05T17:54:52","slug":"cesme-belediyespordan-ikinci-haftada-da-golsuz-beraberlik","status":"publish","type":"post","link":"https:\/\/www.egemtv.com\/?p=59500","title":{"rendered":"\u00c7e\u015fme Belediyespor\u2019dan ikinci haftada da gols\u00fcz beraberlik"},"content":{"rendered":"<p>\u0130zmir S\u00fcper Amat\u00f6r Lig E Grubu\u2019nun 2. haftas\u0131nda \u00c7e\u015fme Belediyespor, konuk etti\u011fi \u00d6zderespor ile 0-0 berabere kald\u0131.<br \/>\n<br \/>\u00c7e\u015fme \u015eehir Stad\u0131\u2019nda oynanan kar\u015f\u0131la\u015fmada taraftarlar trib\u00fcnleri doldurarak tak\u0131mlar\u0131na b\u00fcy\u00fck destek verdi. Ma\u00e7\u0131n ilk yar\u0131s\u0131nda iki ekip de pozisyon bulmas\u0131na ra\u011fmen arad\u0131\u011f\u0131 gol\u00fc kaydedemedi. \u0130kinci yar\u0131ya h\u0131zl\u0131 ba\u015flayan \u00c7e\u015fme Belediyespor, 57. dakikada O\u011fuzhan Bek\u00e7i\u2019nin g\u00f6rd\u00fc\u011f\u00fc k\u0131rm\u0131z\u0131 kartla 10 ki\u015fi kald\u0131. Buna ra\u011fmen rakip kalede zaman zaman etkili olan \u00c7e\u015fme temsilcisi, yakalad\u0131\u011f\u0131 f\u0131rsatlar\u0131 de\u011ferlendiremeyince m\u00fccadele 0-0 sona erdi.<br \/>\n<br \/>Bu sonu\u00e7la \u00c7e\u015fme Belediyespor, ligde iki hafta \u00fcst \u00fcste gols\u00fcz beraberlikle sahadan ayr\u0131larak toplamda 2 puan toplad\u0131 ve puan s\u0131ralamas\u0131nda 4. basamakta yer ald\u0131.<br \/>\n<br \/>Siyah-beyazl\u0131 ekip, gelecek haftay\u0131 &#8220;BAY&#8221; olarak ge\u00e7irecek ve bir hafta dinlenme f\u0131rsat\u0131 bulacak.<br \/><\/p>\n","protected":false},"excerpt":{"rendered":"<p>\u0130zmir S\u00fcper Amat\u00f6r Lig E Grubu\u2019nun 2. haftas\u0131nda \u00c7e\u015fme Belediyespor, konuk etti\u011fi \u00d6zderespor ile 0-0 berabere kald\u0131. \u00c7e\u015fme \u015eehir Stad\u0131\u2019nda oynanan kar\u015f\u0131la\u015fmada taraftarlar trib\u00fcnleri doldurarak tak\u0131mlar\u0131na b\u00fcy\u00fck destek verdi. Ma\u00e7\u0131n ilk yar\u0131s\u0131nda iki ekip de pozisyon bulmas\u0131na ra\u011fmen arad\u0131\u011f\u0131 gol\u00fc kaydedemedi. \u0130kinci yar\u0131ya h\u0131zl\u0131 ba\u015flayan \u00c7e\u015fme Belediyespor, 57. dakikada O\u011fuzhan Bek\u00e7i\u2019nin g\u00f6rd\u00fc\u011f\u00fc k\u0131rm\u0131z\u0131 kartla 10&#8230;<\/p>\n","protected":false},"author":1,"featured_media":59501,"comment_status":"open","ping_status":"open","sticky":false,"template":"","format":"standard","meta":{"_crdt_document":"","footnotes":""},"categories":[4],"tags":[],"class_list":["post-59500","post","type-post","status-publish","format-standard","has-post-thumbnail","hentry","category-spor"],"_links":{"self":[{"href":"https:\/\/www.egemtv.com\/index.php?rest_route=\/wp\/v2\/posts\/59500","targetHints":{"allow":["GET"]}}],"collection":[{"href":"https:\/\/www.egemtv.com\/index.php?rest_route=\/wp\/v2\/posts"}],"about":[{"href":"https:\/\/www.egemtv.com\/index.php?rest_route=\/wp\/v2\/types\/post"}],"author":[{"embeddable":true,"href":"https:\/\/www.egemtv.com\/index.php?rest_route=\/wp\/v2\/users\/1"}],"replies":[{"embeddable":true,"href":"https:\/\/www.egemtv.com\/index.php?rest_route=%2Fwp%2Fv2%2Fcomments&post=59500"}],"version-history":[{"count":1,"href":"https:\/\/www.egemtv.com\/index.php?rest_route=\/wp\/v2\/posts\/59500\/revisions"}],"predecessor-version":[{"id":59502,"href":"https:\/\/www.egemtv.com\/index.php?rest_route=\/wp\/v2\/posts\/59500\/revisions\/59502"}],"wp:featuredmedia":[{"embeddable":true,"href":"https:\/\/www.egemtv.com\/index.php?rest_route=\/wp\/v2\/media\/59501"}],"wp:attachment":[{"href":"https:\/\/www.egemtv.com\/index.php?rest_route=%2Fwp%2Fv2%2Fmedia&parent=59500"}],"wp:term":[{"taxonomy":"category","embeddable":true,"href":"https:\/\/www.egemtv.com\/index.php?rest_route=%2Fwp%2Fv2%2Fcategories&post=59500"},{"taxonomy":"post_tag","embeddable":true,"href":"https:\/\/www.egemtv.com\/index.php?rest_route=%2Fwp%2Fv2%2Ftags&post=59500"}],"curies":[{"name":"wp","href":"https:\/\/api.w.org\/{rel}","templated":true}]}}