{"id":59497,"date":"2025-10-05T19:38:21","date_gmt":"2025-10-05T16:38:21","guid":{"rendered":"https:\/\/www.egemtv.com\/?p=59497"},"modified":"2025-10-05T19:38:28","modified_gmt":"2025-10-05T16:38:28","slug":"mentesede-diorama-sergisi-acildi","status":"publish","type":"post","link":"https:\/\/www.egemtv.com\/?p=59497","title":{"rendered":"Mente\u015fe\u2019de \u2018Diorama\u2019 sergisi a\u00e7\u0131ld\u0131"},"content":{"rendered":"<p>Mu\u011fla\u2019n\u0131n Mente\u015fe il\u00e7esinde k\u00fclt\u00fcr, sanat ve e\u011flence hayat\u0131n\u0131n \u00f6ne \u00e7\u0131kan markalar\u0131ndan Mabolla\u2019n\u0131n 50. y\u0131l etkinlikleri kapsam\u0131nda \u2018Diorama\u2019 sergisi a\u00e7\u0131ld\u0131. Akyol mevkisinde bulunan Mabolla Center\u2019da a\u00e7\u0131lan sergide, diorama sanat\u00e7\u0131s\u0131 Serdal Umul\u2019un 57 eseri sanatseverlerle bulu\u015ftu.<br \/>\n<br \/>Turizm sekt\u00f6r\u00fcnden emekli olduktan sonra diorama sanat\u0131na y\u00f6neldi\u011fini belirten Serdal Umul, Mabolla Medya\u2019ya yapt\u0131\u011f\u0131 a\u00e7\u0131klamada, eserlerini do\u011fa\u00e7lama haz\u0131rlad\u0131\u011f\u0131n\u0131 s\u00f6yledi. Umul, &#8220;\u015eu anda buraya getirdi\u011fim 57-58 eserim var. Bunun yar\u0131s\u0131ndan fazlas\u0131 evde kald\u0131. Dola\u015f\u0131rken g\u00f6rd\u00fc\u011f\u00fcm evleri veya sosyal medyada ho\u015fuma giden g\u00f6r\u00fcnt\u00fcleri \u00e7al\u0131\u015f\u0131yorum. Diorama, \u00fc\u00e7 boyutlu bir an\u0131 ya da olay\u0131 anlatan bir \u00e7al\u0131\u015fma oluyor&#8221; dedi.<br \/>\n<br \/>Diorama sanat\u0131n\u0131n, \u00fc\u00e7 boyutlu bir olay\u0131 veya an\u0131 anlatan bir t\u00fcr oldu\u011funu ifade eden Umul, &#8220;Diorama \u00fc\u00e7 boyutlu bir \u00e7al\u0131\u015fma. \u00dc\u00e7 boyutlu bir an\u0131, bir olay\u0131 anlat\u0131yor. Burada yapt\u0131\u011f\u0131m \u00f6rneklerden biri, bir mimarl\u0131k \u00f6\u011frencisinin odas\u0131. Eski bir evin bah\u00e7e kap\u0131s\u0131 ya da Mu\u011fla\u2019daki Ya\u011fc\u0131lar \u0130\u015fhan\u0131\u2019n\u0131n yan\u0131ndaki bir sokak kap\u0131s\u0131 gibi ayr\u0131nt\u0131lar\u0131 \u00e7al\u0131\u015ft\u0131m&#8221; diye konu\u015ftu.<br \/>\n<br \/>Umul, eserlerinde k\u00fclt\u00fcrel dokulara yer verdi\u011fini ifade ederek, &#8220;Nail \u00c7ak\u0131rhan\u2019\u0131n babas\u0131n\u0131n Ula\u2019daki evinin bah\u00e7e kap\u0131s\u0131n\u0131 yapt\u0131m. Ancak \u015fu anda y\u0131k\u0131k durumda. Bu t\u00fcr yap\u0131lar\u0131n korunmas\u0131 gerekiyor \u00e7\u00fcnk\u00fc bunlar k\u00fclt\u00fcr\u00fcm\u00fcz\u00fcn bir par\u00e7as\u0131&#8221; diye konu\u015ftu.<br \/>\n<br \/>\u00c7al\u0131\u015fmalar\u0131nda geri d\u00f6n\u00fc\u015f\u00fcm malzemeleri kulland\u0131\u011f\u0131n\u0131 dile getiren Umul, &#8220;Strafor, mukavva, di\u015f macunu kapa\u011f\u0131, t\u00fckenmez kalem i\u00e7i gibi at\u0131klar\u0131 de\u011ferlendiriyorum&#8221; ifadesini kulland\u0131.<br \/>\n<br \/>Mabolla kurucusu G\u00f6khan \u00c7a\u011flav ise 50. y\u0131lda b\u00f6yle bir sergiye ev sahipli\u011fi yapmaktan memnuniyet duyduklar\u0131n\u0131 belirtti. \u00c7a\u011flav, &#8220;Y\u0131llardan sonra ilk defa bir sergi a\u00e7t\u0131k. Elli y\u0131lda bir\u00e7ok etkinlik yapt\u0131k ama sanat sergisi olarak bu ikinci. Sanat \u00e7ok de\u011ferli, mutlaka desteklenmesi gerekiyor. Sanat\u00e7\u0131 arkada\u015f\u0131m\u0131z\u0131n buray\u0131 tercih etmesi bizi mutlu etti&#8221; dedi.<br \/>\n<br \/>Sergi, 6 Ekim Pazartesi g\u00fcn\u00fc de ziyaret edilebilecek.<br \/><\/p>\n","protected":false},"excerpt":{"rendered":"<p>Mu\u011fla\u2019n\u0131n Mente\u015fe il\u00e7esinde k\u00fclt\u00fcr, sanat ve e\u011flence hayat\u0131n\u0131n \u00f6ne \u00e7\u0131kan markalar\u0131ndan Mabolla\u2019n\u0131n 50. y\u0131l etkinlikleri kapsam\u0131nda \u2018Diorama\u2019 sergisi a\u00e7\u0131ld\u0131. Akyol mevkisinde bulunan Mabolla Center\u2019da a\u00e7\u0131lan sergide, diorama sanat\u00e7\u0131s\u0131 Serdal Umul\u2019un 57 eseri sanatseverlerle bulu\u015ftu. Turizm sekt\u00f6r\u00fcnden emekli olduktan sonra diorama sanat\u0131na y\u00f6neldi\u011fini belirten Serdal Umul, Mabolla Medya\u2019ya yapt\u0131\u011f\u0131 a\u00e7\u0131klamada, eserlerini do\u011fa\u00e7lama haz\u0131rlad\u0131\u011f\u0131n\u0131 s\u00f6yledi. Umul, &#8220;\u015eu&#8230;<\/p>\n","protected":false},"author":1,"featured_media":59498,"comment_status":"open","ping_status":"open","sticky":false,"template":"","format":"standard","meta":{"_crdt_document":"","footnotes":""},"categories":[1],"tags":[],"class_list":["post-59497","post","type-post","status-publish","format-standard","has-post-thumbnail","hentry","category-guncel"],"_links":{"self":[{"href":"https:\/\/www.egemtv.com\/index.php?rest_route=\/wp\/v2\/posts\/59497","targetHints":{"allow":["GET"]}}],"collection":[{"href":"https:\/\/www.egemtv.com\/index.php?rest_route=\/wp\/v2\/posts"}],"about":[{"href":"https:\/\/www.egemtv.com\/index.php?rest_route=\/wp\/v2\/types\/post"}],"author":[{"embeddable":true,"href":"https:\/\/www.egemtv.com\/index.php?rest_route=\/wp\/v2\/users\/1"}],"replies":[{"embeddable":true,"href":"https:\/\/www.egemtv.com\/index.php?rest_route=%2Fwp%2Fv2%2Fcomments&post=59497"}],"version-history":[{"count":1,"href":"https:\/\/www.egemtv.com\/index.php?rest_route=\/wp\/v2\/posts\/59497\/revisions"}],"predecessor-version":[{"id":59499,"href":"https:\/\/www.egemtv.com\/index.php?rest_route=\/wp\/v2\/posts\/59497\/revisions\/59499"}],"wp:featuredmedia":[{"embeddable":true,"href":"https:\/\/www.egemtv.com\/index.php?rest_route=\/wp\/v2\/media\/59498"}],"wp:attachment":[{"href":"https:\/\/www.egemtv.com\/index.php?rest_route=%2Fwp%2Fv2%2Fmedia&parent=59497"}],"wp:term":[{"taxonomy":"category","embeddable":true,"href":"https:\/\/www.egemtv.com\/index.php?rest_route=%2Fwp%2Fv2%2Fcategories&post=59497"},{"taxonomy":"post_tag","embeddable":true,"href":"https:\/\/www.egemtv.com\/index.php?rest_route=%2Fwp%2Fv2%2Ftags&post=59497"}],"curies":[{"name":"wp","href":"https:\/\/api.w.org\/{rel}","templated":true}]}}