{"id":59494,"date":"2025-10-05T19:38:12","date_gmt":"2025-10-05T16:38:12","guid":{"rendered":"https:\/\/www.egemtv.com\/?p=59494"},"modified":"2025-10-05T19:38:14","modified_gmt":"2025-10-05T16:38:14","slug":"aydin-derbisinde-son-nefeste-nazilli-beraberligi-yakaladi","status":"publish","type":"post","link":"https:\/\/www.egemtv.com\/?p=59494","title":{"rendered":"Ayd\u0131n derbisinde son nefeste Nazilli beraberli\u011fi yakalad\u0131"},"content":{"rendered":"<p>Nesine TFF 3. Lig\u2019de oynanan Ayd\u0131n derbisinde S\u00f6ke 1970 SK ile Nazillispor kar\u015f\u0131 kar\u015f\u0131ya geldi. Didim Atat\u00fcrk Stad\u0131\u2019nda oynanan m\u00fccadelede galibiyet S\u00f6ke temsilcisinin ellerinden son saniyelerde kayarken, kar\u015f\u0131la\u015fma 1-1\u2019lik e\u015fitlikle sonu\u00e7land\u0131.<\/p>\n<p>Ma\u00e7\u0131n ilk yar\u0131s\u0131nda iki tak\u0131m da dengeli bir oyun ortaya koyarken, devre 0-0 sona erdi. \u0130kinci yar\u0131ya daha etkili ba\u015flayan S\u00f6ke 1970 SK, arad\u0131\u011f\u0131 gol\u00fc 63. dakikada buldu. Kubilay\u2019\u0131n pas\u0131nda topu a\u011flara g\u00f6nderen \u0130sa, tak\u0131m\u0131n\u0131 1-0 \u00f6ne ge\u00e7irdi. Dakika 72\u2019de S\u00f6ke 1970\u2019in buldu\u011fu ikinci gol ise ofsayt gerek\u00e7esiyle ge\u00e7ersiz say\u0131ld\u0131. Oyuna 75. dakikada dahil olan Mustafa\u2019n\u0131n da \u00f6nc\u00fcl\u00fck etti\u011fi h\u00fccumlarda S\u00f6ke temsilcisi net f\u0131rsatlardan yararlanamad\u0131. Ma\u00e7\u0131n uzatma dakikalar\u0131 kar\u015f\u0131l\u0131kl\u0131 ataklarla heyecan verici ge\u00e7ti. Nazillispor, 90+6. dakikada H\u00fcseyin Melih \u00d6zt\u00fcrk\u2019\u00fcn gol\u00fcyle skoru 1-1\u2019e getirdi ve m\u00fccadele bu sonu\u00e7la tamamland\u0131.<\/p>\n<p>Bu skorla S\u00f6ke 1970 SK puan\u0131n\u0131 9\u2019a y\u00fckseltirken, Nazillispor 2. puan\u0131n\u0131 ald\u0131. S\u00f6ke ekibi son saniyelerde ka\u00e7an galibiyetin \u00fcz\u00fcnt\u00fcs\u00fcn\u00fc ya\u015farken, Nazillispor deplasmandan kritik bir puan \u00e7\u0131karman\u0131n sevincini ya\u015fad\u0131.<br \/><\/p>\n","protected":false},"excerpt":{"rendered":"<p>Nesine TFF 3. Lig\u2019de oynanan Ayd\u0131n derbisinde S\u00f6ke 1970 SK ile Nazillispor kar\u015f\u0131 kar\u015f\u0131ya geldi. Didim Atat\u00fcrk Stad\u0131\u2019nda oynanan m\u00fccadelede galibiyet S\u00f6ke temsilcisinin ellerinden son saniyelerde kayarken, kar\u015f\u0131la\u015fma 1-1\u2019lik e\u015fitlikle sonu\u00e7land\u0131. Ma\u00e7\u0131n ilk yar\u0131s\u0131nda iki tak\u0131m da dengeli bir oyun ortaya koyarken, devre 0-0 sona erdi. \u0130kinci yar\u0131ya daha etkili ba\u015flayan S\u00f6ke 1970 SK, arad\u0131\u011f\u0131&#8230;<\/p>\n","protected":false},"author":1,"featured_media":59495,"comment_status":"open","ping_status":"open","sticky":false,"template":"","format":"standard","meta":{"_crdt_document":"","footnotes":""},"categories":[4],"tags":[],"class_list":["post-59494","post","type-post","status-publish","format-standard","has-post-thumbnail","hentry","category-spor"],"_links":{"self":[{"href":"https:\/\/www.egemtv.com\/index.php?rest_route=\/wp\/v2\/posts\/59494","targetHints":{"allow":["GET"]}}],"collection":[{"href":"https:\/\/www.egemtv.com\/index.php?rest_route=\/wp\/v2\/posts"}],"about":[{"href":"https:\/\/www.egemtv.com\/index.php?rest_route=\/wp\/v2\/types\/post"}],"author":[{"embeddable":true,"href":"https:\/\/www.egemtv.com\/index.php?rest_route=\/wp\/v2\/users\/1"}],"replies":[{"embeddable":true,"href":"https:\/\/www.egemtv.com\/index.php?rest_route=%2Fwp%2Fv2%2Fcomments&post=59494"}],"version-history":[{"count":1,"href":"https:\/\/www.egemtv.com\/index.php?rest_route=\/wp\/v2\/posts\/59494\/revisions"}],"predecessor-version":[{"id":59496,"href":"https:\/\/www.egemtv.com\/index.php?rest_route=\/wp\/v2\/posts\/59494\/revisions\/59496"}],"wp:featuredmedia":[{"embeddable":true,"href":"https:\/\/www.egemtv.com\/index.php?rest_route=\/wp\/v2\/media\/59495"}],"wp:attachment":[{"href":"https:\/\/www.egemtv.com\/index.php?rest_route=%2Fwp%2Fv2%2Fmedia&parent=59494"}],"wp:term":[{"taxonomy":"category","embeddable":true,"href":"https:\/\/www.egemtv.com\/index.php?rest_route=%2Fwp%2Fv2%2Fcategories&post=59494"},{"taxonomy":"post_tag","embeddable":true,"href":"https:\/\/www.egemtv.com\/index.php?rest_route=%2Fwp%2Fv2%2Ftags&post=59494"}],"curies":[{"name":"wp","href":"https:\/\/api.w.org\/{rel}","templated":true}]}}