{"id":59491,"date":"2025-10-05T18:56:10","date_gmt":"2025-10-05T15:56:10","guid":{"rendered":"https:\/\/www.egemtv.com\/?p=59491"},"modified":"2025-10-05T18:56:58","modified_gmt":"2025-10-05T15:56:58","slug":"yaylanin-en-iyi-kavunlari-yaristi","status":"publish","type":"post","link":"https:\/\/www.egemtv.com\/?p=59491","title":{"rendered":"Yaylan\u0131n en iyi kavunlar\u0131 yar\u0131\u015ft\u0131"},"content":{"rendered":"<p>32. Uluslararas\u0131 Mu\u011fla K\u00fclt\u00fcr ve Sanat \u015eenli\u011fi kapsam\u0131nda d\u00fczenlenen Karaba\u011flar Yaylas\u0131 Kavun yar\u0131\u015fmas\u0131 Narl\u0131 kahvesinde ger\u00e7ekle\u015fti.<br \/>\n<br \/>Mente\u015fe Belediyesi ve Karaba\u011flar Geli\u015ftirme ve G\u00fczelle\u015ftirme Derne\u011fi i\u015fbirli\u011fince ger\u00e7ekle\u015ftiren yar\u0131\u015fmada, yaylada yeti\u015ftirilen 48 kavun, j\u00fcri \u00fcyelerince renk, tat, koku, \u00e7e\u015fit ve \u015fekil \u00f6zelliklerine g\u00f6re de\u011ferlendirildi. De\u011ferlendirme sonucunda Mehmet Dural\u2019\u0131n kavunu birinci, Tuna G\u00f6k\u00e7en\u2019in kavunu ikinci, Mustafa T\u00fcrko\u011flu\u2019nun kavunu \u00fc\u00e7\u00fcnc\u00fc, Halise Dural\u2019\u0131n kavunu d\u00f6rd\u00fcnc\u00fc ve Mevl\u00fct K\u0131z\u0131lkulak\u2019\u0131n kavunu be\u015finci se\u00e7ildi.<br \/>\n<br \/>Yar\u0131\u015fma sonunda dereceye girenlere \u00f6d\u00fcl olarak tar\u0131m malzemeleri, j\u00fcri \u00fcyelerine te\u015fekk\u00fcr plaketi verildi.<br \/>\n<br \/>Mente\u015fe Belediye Ba\u015fkan\u0131 Gonca K\u00f6ksal Aras, yapt\u0131\u011f\u0131 konu\u015fmada, bu y\u0131l 32\u2019inci K\u00fclt\u00fcr ve Sanat \u015eenli\u011fi\u2019ni yapt\u0131klar\u0131n\u0131 ancak binlerce y\u0131ld\u0131r bu topraklarda ya\u015fayan bir medeniyet ve olu\u015fmu\u015f bir k\u00fclt\u00fcr oldu\u011funu s\u00f6yledi.<br \/>\n<br \/>Karaba\u011flar Yaylas\u0131\u2019n\u0131n kendileri i\u00e7in \u00e7ok \u00f6zel oldu\u011funu belirten K\u00f6ksal Aras, &#8220;Bug\u00fcn burada bir gelene\u011fi s\u00fcrd\u00fcr\u00fcyor olmak \u00e7ok b\u00fcy\u00fck bir gurur. Burada az \u00f6nce yedi\u011fimiz tarhana \u00e7orbam\u0131z\u0131n da, az \u00f6nce izledi\u011fimiz zeybe\u011fimizin de bir anlam\u0131 var. Karaba\u011flar Yaylam\u0131z bizim i\u00e7in \u00e7ok \u00f6zel bir yer. \u015eehre yak\u0131n, ye\u015fil, canl\u0131lar\u0131n her t\u00fcrl\u00fcs\u00fcne ev sahipli\u011fi yapan ve korunmas\u0131 gereken do\u011fa harikas\u0131 bir yaylaya sahibiz. Bunun k\u0131ymetini bilelim. Mimar\u0131 yap\u0131lar\u0131m\u0131z\u0131, hanlar\u0131m\u0131z\u0131, meydanlar\u0131m\u0131z\u0131 koruyaca\u011f\u0131z ama as\u0131l olan bunun i\u00e7indeki k\u00fclt\u00fcr. Yeme i\u00e7me al\u0131\u015fkanl\u0131klar\u0131m\u0131z\u0131 da, tarhanam\u0131z\u0131 da halk oyunumuzu da, gelin almam\u0131z\u0131 da, asker u\u011furlamam\u0131z\u0131 da koruyaca\u011f\u0131z. \u00c7\u00fcnk\u00fc k\u00f6kleri olmayan bir millet kaybolmaya mahkumdur&#8221; dedi.<br \/>\n<br \/>Ba\u015fkan K\u00f6ksal Aras, konu\u015fmas\u0131nda d\u00fcnyada ki su ve g\u0131da krizine dikkat \u00e7ekerek, &#8220;Yaylamam\u0131zda da ge\u00e7mi\u015f y\u0131llara g\u00f6re su miktar\u0131n\u0131n azald\u0131\u011f\u0131n\u0131 g\u00f6r\u00fcyoruz. Bu krizden bizlerde etkilenmeye ba\u015flad\u0131k. Karaba\u011flar\u0131m\u0131z\u0131 korumak i\u00e7in her birimiz sorumluyuz. Yayladaki ka\u00e7ak yap\u0131larla ilgili cezai i\u015flemlerimizi yap\u0131yoruz. Karaba\u011flar Yaylas\u0131\u2019n\u0131n bozulmas\u0131na asla izin vermeyece\u011fiz&#8221;<br \/>\n<br \/>Mu\u011fla B\u00fcy\u00fck\u015fehir Belediye Ba\u015fkan\u0131 Ahmet Aras, \u00e7ocuklu\u011fundaki Bodrum\u2019da zeytinlikleri mandalin bah\u00e7elerini zamanla kaybettiklerini belirterek, &#8220;L\u00fctfen buray\u0131 da kaybetmeyelim. Hep birlikte sahip \u00e7\u0131kal\u0131m, koruyal\u0131m&#8221; dedi.<br \/>\n<br \/>Etkinlik kapsam\u0131nda Narl\u0131 Kahvesinde Mu\u011fla Sanatseverler Derne\u011fi Resim Sergisi a\u00e7\u0131ld\u0131. G\u00fcnay Karata\u015f\u2019\u0131n &#8220;Mu\u011fla Ke\u015fke\u011fi&#8221; yapt\u0131\u011f\u0131 programda, sanat\u00e7\u0131 Hamdi Demirta\u015f Mu\u011fla T\u00fcrk\u00fcleri seslendirildi, ASFAD halk oyunlar\u0131 ekibi g\u00f6steri sundu.<br \/><\/p>\n","protected":false},"excerpt":{"rendered":"<p>32. Uluslararas\u0131 Mu\u011fla K\u00fclt\u00fcr ve Sanat \u015eenli\u011fi kapsam\u0131nda d\u00fczenlenen Karaba\u011flar Yaylas\u0131 Kavun yar\u0131\u015fmas\u0131 Narl\u0131 kahvesinde ger\u00e7ekle\u015fti. Mente\u015fe Belediyesi ve Karaba\u011flar Geli\u015ftirme ve G\u00fczelle\u015ftirme Derne\u011fi i\u015fbirli\u011fince ger\u00e7ekle\u015ftiren yar\u0131\u015fmada, yaylada yeti\u015ftirilen 48 kavun, j\u00fcri \u00fcyelerince renk, tat, koku, \u00e7e\u015fit ve \u015fekil \u00f6zelliklerine g\u00f6re de\u011ferlendirildi. De\u011ferlendirme sonucunda Mehmet Dural\u2019\u0131n kavunu birinci, Tuna G\u00f6k\u00e7en\u2019in kavunu ikinci, Mustafa T\u00fcrko\u011flu\u2019nun kavunu&#8230;<\/p>\n","protected":false},"author":1,"featured_media":59492,"comment_status":"open","ping_status":"open","sticky":false,"template":"","format":"standard","meta":{"_crdt_document":"","footnotes":""},"categories":[1],"tags":[],"class_list":["post-59491","post","type-post","status-publish","format-standard","has-post-thumbnail","hentry","category-guncel"],"_links":{"self":[{"href":"https:\/\/www.egemtv.com\/index.php?rest_route=\/wp\/v2\/posts\/59491","targetHints":{"allow":["GET"]}}],"collection":[{"href":"https:\/\/www.egemtv.com\/index.php?rest_route=\/wp\/v2\/posts"}],"about":[{"href":"https:\/\/www.egemtv.com\/index.php?rest_route=\/wp\/v2\/types\/post"}],"author":[{"embeddable":true,"href":"https:\/\/www.egemtv.com\/index.php?rest_route=\/wp\/v2\/users\/1"}],"replies":[{"embeddable":true,"href":"https:\/\/www.egemtv.com\/index.php?rest_route=%2Fwp%2Fv2%2Fcomments&post=59491"}],"version-history":[{"count":1,"href":"https:\/\/www.egemtv.com\/index.php?rest_route=\/wp\/v2\/posts\/59491\/revisions"}],"predecessor-version":[{"id":59493,"href":"https:\/\/www.egemtv.com\/index.php?rest_route=\/wp\/v2\/posts\/59491\/revisions\/59493"}],"wp:featuredmedia":[{"embeddable":true,"href":"https:\/\/www.egemtv.com\/index.php?rest_route=\/wp\/v2\/media\/59492"}],"wp:attachment":[{"href":"https:\/\/www.egemtv.com\/index.php?rest_route=%2Fwp%2Fv2%2Fmedia&parent=59491"}],"wp:term":[{"taxonomy":"category","embeddable":true,"href":"https:\/\/www.egemtv.com\/index.php?rest_route=%2Fwp%2Fv2%2Fcategories&post=59491"},{"taxonomy":"post_tag","embeddable":true,"href":"https:\/\/www.egemtv.com\/index.php?rest_route=%2Fwp%2Fv2%2Ftags&post=59491"}],"curies":[{"name":"wp","href":"https:\/\/api.w.org\/{rel}","templated":true}]}}