{"id":59488,"date":"2025-10-05T18:55:04","date_gmt":"2025-10-05T15:55:04","guid":{"rendered":"https:\/\/www.egemtv.com\/?p=59488"},"modified":"2025-10-05T18:55:16","modified_gmt":"2025-10-05T15:55:16","slug":"bakan-isikhan-izmirin-daglarinda-cicekler-degil-cop-yiginlari-buyuyor","status":"publish","type":"post","link":"https:\/\/www.egemtv.com\/?p=59488","title":{"rendered":"Bakan I\u015f\u0131khan: &#8220;\u0130zmir\u2019in da\u011flar\u0131nda \u00e7i\u00e7ekler de\u011fil, \u00e7\u00f6p y\u0131\u011f\u0131nlar\u0131 b\u00fcy\u00fcyor&#8221;"},"content":{"rendered":"<p>\u00c7al\u0131\u015fma ve Sosyal G\u00fcvenlik Bakan\u0131 Vedat I\u015f\u0131khan, &#8220;\u0130zmir \u00e7\u00f6p da\u011flar\u0131ndan ve kokudan ge\u00e7ilmiyor. \u00c7i\u011fli\u2019de, Kar\u015f\u0131yaka\u2019da, Buca\u2019da, Bayrakl\u0131\u2019da her g\u00fcn yeni bir \u00e7evre felaketiyle kar\u015f\u0131 kar\u015f\u0131ya kal\u0131yoruz. Maalesef \u0130zmir\u2019in da\u011flar\u0131nda \u00e7i\u00e7ekler de\u011fil, \u00e7\u00f6p y\u0131\u011f\u0131nlar\u0131 b\u00fcy\u00fcyor&#8221; dedi.<br \/>\n<br \/>AK Parti \u0130zmir \u0130l Ba\u015fkanl\u0131\u011f\u0131 taraf\u0131ndan d\u00fczenlenen \u0130l Dan\u0131\u015fma Meclisi Toplant\u0131s\u0131, Bal\u00e7ova Kaya Thermal Otel\u2019de yap\u0131ld\u0131. Toplant\u0131da konu\u015fan \u00c7al\u0131\u015fma ve Sosyal G\u00fcvenlik Bakan\u0131 Vedat I\u015f\u0131khan, \u0130zmir B\u00fcy\u00fck\u015fehir Belediyesi\u2019ni ve il\u00e7e belediyelerini ele\u015ftirerek, &#8220;\u015eehre ad\u0131m att\u0131\u011f\u0131n\u0131z andan itibaren zaten s\u00f6ze gerek kalm\u0131yor, kar\u015f\u0131la\u015ft\u0131\u011f\u0131m\u0131z tablo her \u015feyi a\u00e7\u0131k se\u00e7ik bir \u015fekilde ortaya koyuyor. \u00dcz\u00fclerek s\u00f6yl\u00fcyorum ki, \u0130zmir \u00e7\u00f6p da\u011flar\u0131ndan ve kokudan ge\u00e7ilmiyor. \u00d6zellikle \u00c7i\u011fli\u2019de, Kar\u015f\u0131yaka\u2019da, Buca\u2019da, Bayrakl\u0131\u2019da her g\u00fcn yeni bir \u00e7evre felaketiyle kar\u015f\u0131 kar\u015f\u0131ya kal\u0131yoruz. Maalesef \u015fimdi \u0130zmir\u2019in da\u011flar\u0131nda \u00e7i\u00e7ekler de\u011fil, \u00e7\u00f6p y\u0131\u011f\u0131nlar\u0131 b\u00fcy\u00fcyor. CHP\u2019nin \u00e7\u00f6p toplamay\u0131, sokaklar\u0131 temizlemeyi, en basit belediye hizmetlerini dahi yerine getirebilmeyi \u00f6\u011frenmesi gerekiyor. T\u00fcrkiye olarak t\u00fcm te\u015fkilatlar\u0131m\u0131zla gelecek y\u00fczy\u0131la damgas\u0131n\u0131 vurmaya haz\u0131rlan\u0131rken, \u0130zmir\u2019de g\u00fcndemin hala \u00e7\u00f6p, \u00e7ukur, \u00e7amur ve susuzluk sorunu olmas\u0131 son derece vahim bir durumdur. En ac\u0131s\u0131 da bizler neredeyse \u00e7eyrek as\u0131rd\u0131r do\u011fudan bat\u0131ya, kuzeyden g\u00fcneye b\u00fct\u00fcn \u015fehirlerimiz i\u00e7in gece g\u00fcnd\u00fcz \u00e7al\u0131\u015fan kadrolar olarak bu durumdan utan\u00e7 duyuyoruz. Ancak bu rezaletten sorumlu olanlar\u0131n y\u00fczlerinin dahi k\u0131zarmamas\u0131 d\u00fc\u015f\u00fcnd\u00fcr\u00fcc\u00fcd\u00fcr&#8221; ifadelerini kulland\u0131.<\/p>\n<p>&#8220;CHP\u2019nin \u0130zmir\u2019de tek bir ba\u015far\u0131s\u0131 yalan \u00fcretmek&#8221;<br \/>\n<br \/>AK Parti Genel Sekreteri ve \u0130zmir Milletvekili Eyy\u00fcp Kadir \u0130nan ise, &#8220;Son 200 y\u0131l\u0131n b\u00fct\u00fcn yalanc\u0131lar\u0131n\u0131, b\u00fct\u00fcn yalanlar\u0131n\u0131 bir araya getirin CHP\u2019nin \u0130zmir\u2019de s\u00f6yledi\u011fi yalanlara yine de eri\u015femezler. \u00c7\u00fcnk\u00fc CHP\u2019nin \u0130zmir\u2019deki siyaseti bir hizmet yar\u0131\u015f\u0131 de\u011fil, bir yalan yar\u0131\u015f\u0131d\u0131r. Bir g\u00fcn \u2018Kooperatifte doland\u0131r\u0131c\u0131l\u0131k yok\u2019 derler; ertesi g\u00fcn kendi belediye ba\u015fkanlar\u0131 \u00e7\u0131kar, \u2018Evet var\u2019 diye itiraf eder. Bir g\u00fcn \u2018\u00c7\u00f6p tesislerini bakanl\u0131k kapatt\u0131\u2019 der; Ertesi g\u00fcn belediye ba\u015fkanlar\u0131 \u00e7\u0131kar \u2018Mahkemeye ra\u011fmen bakanl\u0131k bize destek oldu\u2019 der. Bir g\u00fcn \u2018\u00c7\u00f6pler toplan\u0131yor\u2019 derler; ertesi g\u00fcn \u0130zmirliler \u00e7\u00f6p da\u011flar\u0131yla, kokuyla, mikropla ba\u015f ba\u015fa b\u0131rak\u0131l\u0131r. Bir g\u00fcn \u2018Belediyemiz G\u00fc\u00e7l\u00fc\u2019 derler; ertesi g\u00fcn SGK bor\u00e7lar\u0131n\u0131 \u00f6deyemez, i\u015f\u00e7inin maa\u015f\u0131n\u0131 veremez hale gelirler. CHP\u2019nin \u0130zmir\u2019de tek bir ba\u015far\u0131s\u0131 yalan \u00fcretmek. Ama \u0130zmirliler art\u0131k bu yalana da, bu maskaral\u0131\u011fa da prim vermeyecek&#8221; dedi.<\/p>\n<p>&#8220;\u0130zmir; \u00e7\u00f6p da\u011flar\u0131yla, su kesintileriyle an\u0131lan bir \u015fehir haline geldi&#8221;<br \/>\n<br \/>\u00d6nceki d\u00f6nem Gen\u00e7lik ve Spor Bakan\u0131 ve \u0130zmir Milletvekili Mehmet Kasapo\u011flu da, &#8220;\u0130zmir\u2019in hali ortada. Bu \u015fehrin altyap\u0131s\u0131n\u0131 kurmas\u0131 gerekenler, \u0130zmir\u2019in alt\u0131n\u0131 \u00fcst\u00fcne getirdi. \u00c7\u00f6p da\u011flar\u0131yla, su kesintileriyle an\u0131lan bir \u015fehir haline geldi. Biz bu tabloyu de\u011fi\u015ftirmek, \u0130zmir\u2019e hak etti\u011fi hizmeti sunmak zorunday\u0131z. Bu te\u015fkilat her sabah \u2018Bu \u015fehir i\u00e7in ne yapabilirim?\u2019 diyerek g\u00fcne ba\u015fl\u0131yor. 25 y\u0131ld\u0131r bu te\u015fkilat\u0131n m\u00fchr\u00fc var, bundan sonra da olmaya devam edecek&#8221; ifadelerini kulland\u0131.<br \/>\n<br \/>AK Parti \u0130zmir \u0130l Ba\u015fkan\u0131 Bilal Sayg\u0131l\u0131, &#8220;\u0130zmir te\u015fkilat\u0131 g\u00fc\u00e7l\u00fcyse AK Parti, Cumhurba\u015fkan\u0131m\u0131z, T\u00fcrkiye, mazlumlar g\u00fc\u00e7l\u00fc olur. Mahalle ba\u015fkanlar\u0131m\u0131za kadar, sand\u0131k kurullar\u0131m\u0131za kadar her biri can damar\u0131m\u0131zd\u0131r. Her birinin il ba\u015fkan\u0131ndan fark\u0131 yoktur. AK Parti \u0130zmir te\u015fkilat\u0131 \u00e7ok g\u00fc\u00e7l\u00fc. Yeter ki birbirimize d\u00fc\u015fmeyelim, birbirimize oyun oynamayal\u0131m. Biz Gazze i\u00e7in sessiz kalmayaca\u011f\u0131z. Bu dava i\u00e7in dimdik ayakta olaca\u011f\u0131z. Hep beraber g\u00fc\u00e7l\u00fcy\u00fcz&#8221; dedi.<br \/>\n<br \/>\u0130l Dan\u0131\u015fma Meclisi Toplant\u0131s\u0131\u2019na \u00c7al\u0131\u015fma ve Sosyal G\u00fcvenlik Bakan\u0131 Vedat I\u015f\u0131khan, AK Parti Genel Sekreteri ve \u0130zmir Milletvekili Eyy\u00fcp Kadir \u0130nan, AK Parti \u0130zmir \u0130l Ba\u015fkan\u0131 Bilal Sayg\u0131l\u0131, \u00f6nceki d\u00f6nem Gen\u00e7lik ve Spor Bakan\u0131 ve \u0130zmir Milletvekili Mehmet Kasapo\u011flu, AK Parti Ege B\u00f6lge Koordinat\u00f6r\u00fc Mustafa Esgin, AK Parti MKYK \u00dcyesi Hamza Da\u011f, \u00f6nceki d\u00f6nem Tar\u0131m ve Orman Bakan\u0131 Bekir Pakdemirli, \u0130zmir milletvekilleri Ceyda B\u00f6l\u00fcnmez \u00c7ank\u0131r\u0131, Mehmet Ali \u00c7elebi, Ya\u015far K\u0131rkp\u0131nar, Mahmut Atilla Kaya, \u015eebnem Bursal\u0131, Menemen Belediye Ba\u015fkan\u0131 Ayd\u0131n Pehlivan, il\u00e7e ba\u015fkanlar\u0131, \u00f6nceki d\u00f6nem \u0130zmir milletvekilleri ve partililer kat\u0131ld\u0131.<br \/><\/p>\n","protected":false},"excerpt":{"rendered":"<p>\u00c7al\u0131\u015fma ve Sosyal G\u00fcvenlik Bakan\u0131 Vedat I\u015f\u0131khan, &#8220;\u0130zmir \u00e7\u00f6p da\u011flar\u0131ndan ve kokudan ge\u00e7ilmiyor. \u00c7i\u011fli\u2019de, Kar\u015f\u0131yaka\u2019da, Buca\u2019da, Bayrakl\u0131\u2019da her g\u00fcn yeni bir \u00e7evre felaketiyle kar\u015f\u0131 kar\u015f\u0131ya kal\u0131yoruz. Maalesef \u0130zmir\u2019in da\u011flar\u0131nda \u00e7i\u00e7ekler de\u011fil, \u00e7\u00f6p y\u0131\u011f\u0131nlar\u0131 b\u00fcy\u00fcyor&#8221; dedi. AK Parti \u0130zmir \u0130l Ba\u015fkanl\u0131\u011f\u0131 taraf\u0131ndan d\u00fczenlenen \u0130l Dan\u0131\u015fma Meclisi Toplant\u0131s\u0131, Bal\u00e7ova Kaya Thermal Otel\u2019de yap\u0131ld\u0131. Toplant\u0131da konu\u015fan \u00c7al\u0131\u015fma ve&#8230;<\/p>\n","protected":false},"author":1,"featured_media":59489,"comment_status":"open","ping_status":"open","sticky":false,"template":"","format":"standard","meta":{"_crdt_document":"","footnotes":""},"categories":[127],"tags":[],"class_list":["post-59488","post","type-post","status-publish","format-standard","has-post-thumbnail","hentry","category-siyaset"],"_links":{"self":[{"href":"https:\/\/www.egemtv.com\/index.php?rest_route=\/wp\/v2\/posts\/59488","targetHints":{"allow":["GET"]}}],"collection":[{"href":"https:\/\/www.egemtv.com\/index.php?rest_route=\/wp\/v2\/posts"}],"about":[{"href":"https:\/\/www.egemtv.com\/index.php?rest_route=\/wp\/v2\/types\/post"}],"author":[{"embeddable":true,"href":"https:\/\/www.egemtv.com\/index.php?rest_route=\/wp\/v2\/users\/1"}],"replies":[{"embeddable":true,"href":"https:\/\/www.egemtv.com\/index.php?rest_route=%2Fwp%2Fv2%2Fcomments&post=59488"}],"version-history":[{"count":1,"href":"https:\/\/www.egemtv.com\/index.php?rest_route=\/wp\/v2\/posts\/59488\/revisions"}],"predecessor-version":[{"id":59490,"href":"https:\/\/www.egemtv.com\/index.php?rest_route=\/wp\/v2\/posts\/59488\/revisions\/59490"}],"wp:featuredmedia":[{"embeddable":true,"href":"https:\/\/www.egemtv.com\/index.php?rest_route=\/wp\/v2\/media\/59489"}],"wp:attachment":[{"href":"https:\/\/www.egemtv.com\/index.php?rest_route=%2Fwp%2Fv2%2Fmedia&parent=59488"}],"wp:term":[{"taxonomy":"category","embeddable":true,"href":"https:\/\/www.egemtv.com\/index.php?rest_route=%2Fwp%2Fv2%2Fcategories&post=59488"},{"taxonomy":"post_tag","embeddable":true,"href":"https:\/\/www.egemtv.com\/index.php?rest_route=%2Fwp%2Fv2%2Ftags&post=59488"}],"curies":[{"name":"wp","href":"https:\/\/api.w.org\/{rel}","templated":true}]}}