{"id":59485,"date":"2025-10-05T18:34:52","date_gmt":"2025-10-05T15:34:52","guid":{"rendered":"https:\/\/www.egemtv.com\/?p=59485"},"modified":"2025-10-05T18:34:58","modified_gmt":"2025-10-05T15:34:58","slug":"manisada-eski-es-dehseti-kucagindaki-bebege-aldirmadan-defalarca-bicakladi","status":"publish","type":"post","link":"https:\/\/www.egemtv.com\/?p=59485","title":{"rendered":"Manisa\u2019da eski e\u015f deh\u015feti: Kuca\u011f\u0131ndaki bebe\u011fe ald\u0131rmadan defalarca b\u0131\u00e7aklad\u0131"},"content":{"rendered":"<p>MAN\u0130SA (\u0130HA) \u2013 Manisa\u2019n\u0131n Turgutlu il\u00e7esinde bir \u015fah\u0131s, akaryak\u0131t istasyonunda kuca\u011f\u0131nda bebek olan eski e\u015fini ve yan\u0131ndaki \u015fahs\u0131 defalarca kez b\u0131\u00e7aklad\u0131.<br \/>\n<br \/>Olay, saat 14.00 s\u0131ralar\u0131nda \u0130zmir-Ankara kara yolu \u00fczerindeki bir akaryak\u0131t istasyonunda meydana geldi. Edinilen bilgiye g\u00f6re, kamyon \u015fof\u00f6r\u00fc oldu\u011fu \u00f6\u011frenilen H\u00fcseyin \u00d6, akaryak\u0131t istasyonunda eski e\u015fi Fatma K. ve yan\u0131nda bulunan Mehmet Ceyhun T. ile kar\u015f\u0131la\u015ft\u0131. Taraflar aras\u0131nda \u00e7\u0131kan tart\u0131\u015fman\u0131n ard\u0131ndan H\u00fcseyin \u00d6, elindeki b\u0131\u00e7akla \u00f6nce Mehmet Ceyhun T.\u2019ye sald\u0131rd\u0131. Ard\u0131ndan kuca\u011f\u0131nda bebe\u011fiyle markete ka\u00e7maya \u00e7al\u0131\u015fan eski e\u015fi Fatma K.\u2019nin pe\u015finden i\u00e7eri giren sald\u0131rgan, kad\u0131n\u0131 kuca\u011f\u0131ndaki bebe\u011fe ald\u0131rmadan defalarca b\u0131\u00e7aklad\u0131. \u00c7evredekilerin ihbar\u0131 \u00fczerine olay yerine \u00e7ok say\u0131da polis ve sa\u011fl\u0131k ekibi sevk edildi. A\u011f\u0131r yaralanan Fatma K. ile Mehmet Ceyhun T., ambulanslarla Turgutlu Devlet Hastanesi\u2019ne kald\u0131r\u0131ld\u0131. Fatma K., yap\u0131lan ilk m\u00fcdahalenin ard\u0131ndan Manisa Celal Bayar \u00dcniversitesi Hastanesi\u2019ne kald\u0131r\u0131larak tedavi alt\u0131na al\u0131nd\u0131.<\/p>\n<p>Olay an\u0131 g\u00fcvenlik kameras\u0131na yans\u0131d\u0131<br \/>\n<br \/>Deh\u015fet an\u0131, akaryak\u0131t istasyonunun g\u00fcvenlik kameras\u0131na saniye saniye yans\u0131d\u0131. G\u00f6r\u00fcnt\u00fclerde H\u00fcseyin \u00d6.\u2019n\u00fcn elindeki b\u0131\u00e7akla markete girdi\u011fi, Fatma K.\u2019nin ka\u00e7maya \u00e7al\u0131\u015ft\u0131\u011f\u0131 ve \u00e7evredeki vatanda\u015flar\u0131n panik i\u00e7inde ka\u00e7t\u0131\u011f\u0131 anlar yer ald\u0131. Sald\u0131rgana vatanda\u015flar\u0131n ve market \u00e7al\u0131\u015fanlar\u0131n\u0131n \u00fcr\u00fcn f\u0131rlatt\u0131\u011f\u0131, sald\u0131rgan\u0131n bunun \u00fczerine kad\u0131n\u0131 b\u0131rak\u0131p kendisine m\u00fcdahale eden ki\u015filerin pe\u015fine d\u00fc\u015ft\u00fc\u011f\u00fc g\u00f6r\u00fcld\u00fc. Emniyet ekipleri, olay\u0131n ard\u0131ndan ka\u00e7an H\u00fcseyin \u00d6.\u2019y\u00fc yakalamak i\u00e7in geni\u015f \u00e7apl\u0131 \u00e7al\u0131\u015fma ba\u015flatt\u0131.<br \/><\/p>\n","protected":false},"excerpt":{"rendered":"<p>MAN\u0130SA (\u0130HA) \u2013 Manisa\u2019n\u0131n Turgutlu il\u00e7esinde bir \u015fah\u0131s, akaryak\u0131t istasyonunda kuca\u011f\u0131nda bebek olan eski e\u015fini ve yan\u0131ndaki \u015fahs\u0131 defalarca kez b\u0131\u00e7aklad\u0131. Olay, saat 14.00 s\u0131ralar\u0131nda \u0130zmir-Ankara kara yolu \u00fczerindeki bir akaryak\u0131t istasyonunda meydana geldi. Edinilen bilgiye g\u00f6re, kamyon \u015fof\u00f6r\u00fc oldu\u011fu \u00f6\u011frenilen H\u00fcseyin \u00d6, akaryak\u0131t istasyonunda eski e\u015fi Fatma K. ve yan\u0131nda bulunan Mehmet Ceyhun T&#8230;.<\/p>\n","protected":false},"author":1,"featured_media":59486,"comment_status":"open","ping_status":"open","sticky":false,"template":"","format":"standard","meta":{"_crdt_document":"","footnotes":""},"categories":[5],"tags":[],"class_list":["post-59485","post","type-post","status-publish","format-standard","has-post-thumbnail","hentry","category-asayis"],"_links":{"self":[{"href":"https:\/\/www.egemtv.com\/index.php?rest_route=\/wp\/v2\/posts\/59485","targetHints":{"allow":["GET"]}}],"collection":[{"href":"https:\/\/www.egemtv.com\/index.php?rest_route=\/wp\/v2\/posts"}],"about":[{"href":"https:\/\/www.egemtv.com\/index.php?rest_route=\/wp\/v2\/types\/post"}],"author":[{"embeddable":true,"href":"https:\/\/www.egemtv.com\/index.php?rest_route=\/wp\/v2\/users\/1"}],"replies":[{"embeddable":true,"href":"https:\/\/www.egemtv.com\/index.php?rest_route=%2Fwp%2Fv2%2Fcomments&post=59485"}],"version-history":[{"count":1,"href":"https:\/\/www.egemtv.com\/index.php?rest_route=\/wp\/v2\/posts\/59485\/revisions"}],"predecessor-version":[{"id":59487,"href":"https:\/\/www.egemtv.com\/index.php?rest_route=\/wp\/v2\/posts\/59485\/revisions\/59487"}],"wp:featuredmedia":[{"embeddable":true,"href":"https:\/\/www.egemtv.com\/index.php?rest_route=\/wp\/v2\/media\/59486"}],"wp:attachment":[{"href":"https:\/\/www.egemtv.com\/index.php?rest_route=%2Fwp%2Fv2%2Fmedia&parent=59485"}],"wp:term":[{"taxonomy":"category","embeddable":true,"href":"https:\/\/www.egemtv.com\/index.php?rest_route=%2Fwp%2Fv2%2Fcategories&post=59485"},{"taxonomy":"post_tag","embeddable":true,"href":"https:\/\/www.egemtv.com\/index.php?rest_route=%2Fwp%2Fv2%2Ftags&post=59485"}],"curies":[{"name":"wp","href":"https:\/\/api.w.org\/{rel}","templated":true}]}}