{"id":59479,"date":"2025-10-05T18:17:11","date_gmt":"2025-10-05T15:17:11","guid":{"rendered":"https:\/\/www.egemtv.com\/?p=59479"},"modified":"2025-10-05T18:18:12","modified_gmt":"2025-10-05T15:18:12","slug":"sarigolde-ogrencilerden-din-gorevlilerine-cicekli-tesekkur","status":"publish","type":"post","link":"https:\/\/www.egemtv.com\/?p=59479","title":{"rendered":"Sar\u0131g\u00f6l\u2019de \u00f6\u011frencilerden din g\u00f6revlilerine \u00e7i\u00e7ekli te\u015fekk\u00fcr"},"content":{"rendered":"<p>Manisa\u2019n\u0131n Sar\u0131g\u00f6l il\u00e7esinde Camiler ve Din G\u00f6revlileri Haftas\u0131 etkinlikleri \u00e7er\u00e7evesinde, il\u00e7edeki imam hatip okullar\u0131n\u0131n \u00f6\u011frencileri ve y\u00f6neticileri cami ziyaretleri ger\u00e7ekle\u015ftirdi. \u00d6\u011frenciler, din g\u00f6revlilerine \u00e7i\u00e7ek vererek haftalar\u0131n\u0131 kutlad\u0131.<br \/>\n<br \/>Sar\u0131g\u00f6l Mustafa Metin \u0130mam Hatip Ortaokulu M\u00fcd\u00fcr\u00fc Veysel \u00c7etin, M\u00fcd\u00fcr Yard\u0131mc\u0131s\u0131 Mehmet \u015eim\u015fek, Din K\u00fclt\u00fcr\u00fc ve Ahlak Bilgisi \u00d6\u011fretmeni Halil Ceyhan ile \u00f6\u011frenciler, Sar\u0131g\u00f6l \u0130l\u00e7e M\u00fcft\u00fcs\u00fc Metin G\u00fcvenir\u2019i makam\u0131nda ziyaret etti. Ziyaretin ard\u0131ndan \u00f6\u011frenciler, il\u00e7edeki camilere giderek din g\u00f6revlilerine \u00e7i\u00e7ek takdim etti. Ziyaretler s\u0131ras\u0131nda \u00f6\u011frenciler, Camiler ve Din G\u00f6revlileri Haftas\u0131 dolay\u0131s\u0131yla imam ve m\u00fcezzinlerin g\u00f6revlerinin \u00f6nemine dikkat \u00e7ekerek te\u015fekk\u00fcrlerini iletti. Okul M\u00fcd\u00fcr\u00fc Veysel \u00c7etin, etkinlikle ilgili yapt\u0131\u011f\u0131 a\u00e7\u0131klamada, &#8220;\u00d6\u011frencilerimiz ve okul y\u00f6netimiyle birlikte il\u00e7e m\u00fcft\u00fcm\u00fcz\u00fc ve camilerimizi ziyaret ederek, din g\u00f6revlilerimizin haftalar\u0131n\u0131 kutlad\u0131k. \u00d6\u011frencilerimizin bu vesileyle din hizmetlerinin toplum i\u00e7in \u00f6nemini yerinde g\u00f6rmelerini ama\u00e7lad\u0131k.&#8221; dedi.<br \/><\/p>\n","protected":false},"excerpt":{"rendered":"<p>Manisa\u2019n\u0131n Sar\u0131g\u00f6l il\u00e7esinde Camiler ve Din G\u00f6revlileri Haftas\u0131 etkinlikleri \u00e7er\u00e7evesinde, il\u00e7edeki imam hatip okullar\u0131n\u0131n \u00f6\u011frencileri ve y\u00f6neticileri cami ziyaretleri ger\u00e7ekle\u015ftirdi. \u00d6\u011frenciler, din g\u00f6revlilerine \u00e7i\u00e7ek vererek haftalar\u0131n\u0131 kutlad\u0131. Sar\u0131g\u00f6l Mustafa Metin \u0130mam Hatip Ortaokulu M\u00fcd\u00fcr\u00fc Veysel \u00c7etin, M\u00fcd\u00fcr Yard\u0131mc\u0131s\u0131 Mehmet \u015eim\u015fek, Din K\u00fclt\u00fcr\u00fc ve Ahlak Bilgisi \u00d6\u011fretmeni Halil Ceyhan ile \u00f6\u011frenciler, Sar\u0131g\u00f6l \u0130l\u00e7e M\u00fcft\u00fcs\u00fc Metin G\u00fcvenir\u2019i&#8230;<\/p>\n","protected":false},"author":1,"featured_media":59480,"comment_status":"open","ping_status":"open","sticky":false,"template":"","format":"standard","meta":{"_crdt_document":"","footnotes":""},"categories":[1],"tags":[],"class_list":["post-59479","post","type-post","status-publish","format-standard","has-post-thumbnail","hentry","category-guncel"],"_links":{"self":[{"href":"https:\/\/www.egemtv.com\/index.php?rest_route=\/wp\/v2\/posts\/59479","targetHints":{"allow":["GET"]}}],"collection":[{"href":"https:\/\/www.egemtv.com\/index.php?rest_route=\/wp\/v2\/posts"}],"about":[{"href":"https:\/\/www.egemtv.com\/index.php?rest_route=\/wp\/v2\/types\/post"}],"author":[{"embeddable":true,"href":"https:\/\/www.egemtv.com\/index.php?rest_route=\/wp\/v2\/users\/1"}],"replies":[{"embeddable":true,"href":"https:\/\/www.egemtv.com\/index.php?rest_route=%2Fwp%2Fv2%2Fcomments&post=59479"}],"version-history":[{"count":1,"href":"https:\/\/www.egemtv.com\/index.php?rest_route=\/wp\/v2\/posts\/59479\/revisions"}],"predecessor-version":[{"id":59481,"href":"https:\/\/www.egemtv.com\/index.php?rest_route=\/wp\/v2\/posts\/59479\/revisions\/59481"}],"wp:featuredmedia":[{"embeddable":true,"href":"https:\/\/www.egemtv.com\/index.php?rest_route=\/wp\/v2\/media\/59480"}],"wp:attachment":[{"href":"https:\/\/www.egemtv.com\/index.php?rest_route=%2Fwp%2Fv2%2Fmedia&parent=59479"}],"wp:term":[{"taxonomy":"category","embeddable":true,"href":"https:\/\/www.egemtv.com\/index.php?rest_route=%2Fwp%2Fv2%2Fcategories&post=59479"},{"taxonomy":"post_tag","embeddable":true,"href":"https:\/\/www.egemtv.com\/index.php?rest_route=%2Fwp%2Fv2%2Ftags&post=59479"}],"curies":[{"name":"wp","href":"https:\/\/api.w.org\/{rel}","templated":true}]}}