{"id":59476,"date":"2025-10-05T17:16:00","date_gmt":"2025-10-05T14:16:00","guid":{"rendered":"https:\/\/www.egemtv.com\/?p=59476"},"modified":"2025-10-05T17:16:17","modified_gmt":"2025-10-05T14:16:17","slug":"sokenin-sultanlari-lige-galibiyet-ile-basladi","status":"publish","type":"post","link":"https:\/\/www.egemtv.com\/?p=59476","title":{"rendered":"S\u00f6ke\u2019nin Sultanlar\u0131 Lige galibiyet ile ba\u015flad\u0131"},"content":{"rendered":"<p>T\u00fcrkiye Voleybol Federasyonu (TVF) Kad\u0131nlar 2. Lig 7. Grup\u2019ta m\u00fccadele eden S\u00f6ke Belediyesi Saldos Voleybol Tak\u0131m\u0131, ligin ilk ma\u00e7\u0131nda sahas\u0131nda \u0130zmir B\u00fcy\u00fck\u015fehir Belediyespor\u2019u 3-0 ma\u011flup ederek sezona h\u0131zl\u0131 bir ba\u015flang\u0131\u00e7 yapt\u0131.<\/p>\n<p>S\u00f6ke TAYEM R\u0131fat K\u00f6ksal Spor Salonu\u2019nda oynanan kar\u015f\u0131la\u015fmada trib\u00fcnlerin s\u0131n\u0131rl\u0131 kapasitesine ra\u011fmen az say\u0131daki taraftar tak\u0131mlar\u0131n\u0131 co\u015fkuyla destekledi. S\u00f6ke Belediyesi Saldos, ilk seti 25-19 alarak 1-0 \u00fcst\u00fcnl\u00fc\u011f\u00fc yakalad\u0131. \u0130kinci sette etkili oyununu s\u00fcrd\u00fcren S\u00f6ke ekibi, rakibine adeta nefes ald\u0131rmad\u0131. Servis ve h\u00fccumlarda hata pay\u0131n\u0131 en aza indiren S\u00f6ke\u2019nin Sultanlar\u0131, bu seti de 25-16\u2019l\u0131k skorla kazanarak durumu 2-0 yapt\u0131. \u00dc\u00e7\u00fcnc\u00fc sette gen\u00e7 oyuncular Asl\u0131 ve \u0130rem\u2019in forma \u015fans\u0131 buldu\u011fu anlarda k\u0131sa s\u00fcreli bir konsantrasyon kayb\u0131 ya\u015fansa da, S\u00f6ke temsilcisi toparlanarak skoru 17-17\u2019ye getirdi. B\u00fcy\u00fck \u00e7eki\u015fmeye sahne olan final setini 25-23 kazanan S\u00f6ke Belediyesi Saldos Voleybol Tak\u0131m\u0131, ma\u00e7\u0131 3-0\u2019l\u0131k net bir skorla tamamlad\u0131.<br \/><\/p>\n","protected":false},"excerpt":{"rendered":"<p>T\u00fcrkiye Voleybol Federasyonu (TVF) Kad\u0131nlar 2. Lig 7. Grup\u2019ta m\u00fccadele eden S\u00f6ke Belediyesi Saldos Voleybol Tak\u0131m\u0131, ligin ilk ma\u00e7\u0131nda sahas\u0131nda \u0130zmir B\u00fcy\u00fck\u015fehir Belediyespor\u2019u 3-0 ma\u011flup ederek sezona h\u0131zl\u0131 bir ba\u015flang\u0131\u00e7 yapt\u0131. S\u00f6ke TAYEM R\u0131fat K\u00f6ksal Spor Salonu\u2019nda oynanan kar\u015f\u0131la\u015fmada trib\u00fcnlerin s\u0131n\u0131rl\u0131 kapasitesine ra\u011fmen az say\u0131daki taraftar tak\u0131mlar\u0131n\u0131 co\u015fkuyla destekledi. S\u00f6ke Belediyesi Saldos, ilk seti 25-19&#8230;<\/p>\n","protected":false},"author":1,"featured_media":59477,"comment_status":"open","ping_status":"open","sticky":false,"template":"","format":"standard","meta":{"_crdt_document":"","footnotes":""},"categories":[4],"tags":[],"class_list":["post-59476","post","type-post","status-publish","format-standard","has-post-thumbnail","hentry","category-spor"],"_links":{"self":[{"href":"https:\/\/www.egemtv.com\/index.php?rest_route=\/wp\/v2\/posts\/59476","targetHints":{"allow":["GET"]}}],"collection":[{"href":"https:\/\/www.egemtv.com\/index.php?rest_route=\/wp\/v2\/posts"}],"about":[{"href":"https:\/\/www.egemtv.com\/index.php?rest_route=\/wp\/v2\/types\/post"}],"author":[{"embeddable":true,"href":"https:\/\/www.egemtv.com\/index.php?rest_route=\/wp\/v2\/users\/1"}],"replies":[{"embeddable":true,"href":"https:\/\/www.egemtv.com\/index.php?rest_route=%2Fwp%2Fv2%2Fcomments&post=59476"}],"version-history":[{"count":1,"href":"https:\/\/www.egemtv.com\/index.php?rest_route=\/wp\/v2\/posts\/59476\/revisions"}],"predecessor-version":[{"id":59478,"href":"https:\/\/www.egemtv.com\/index.php?rest_route=\/wp\/v2\/posts\/59476\/revisions\/59478"}],"wp:featuredmedia":[{"embeddable":true,"href":"https:\/\/www.egemtv.com\/index.php?rest_route=\/wp\/v2\/media\/59477"}],"wp:attachment":[{"href":"https:\/\/www.egemtv.com\/index.php?rest_route=%2Fwp%2Fv2%2Fmedia&parent=59476"}],"wp:term":[{"taxonomy":"category","embeddable":true,"href":"https:\/\/www.egemtv.com\/index.php?rest_route=%2Fwp%2Fv2%2Fcategories&post=59476"},{"taxonomy":"post_tag","embeddable":true,"href":"https:\/\/www.egemtv.com\/index.php?rest_route=%2Fwp%2Fv2%2Ftags&post=59476"}],"curies":[{"name":"wp","href":"https:\/\/api.w.org\/{rel}","templated":true}]}}