{"id":59473,"date":"2025-10-05T16:57:02","date_gmt":"2025-10-05T13:57:02","guid":{"rendered":"https:\/\/www.egemtv.com\/?p=59473"},"modified":"2025-10-05T16:57:11","modified_gmt":"2025-10-05T13:57:11","slug":"koycegizli-vatandaslar-sabah-namazinda-bir-araya-geldi","status":"publish","type":"post","link":"https:\/\/www.egemtv.com\/?p=59473","title":{"rendered":"K\u00f6yce\u011fizli vatanda\u015flar sabah namaz\u0131nda bir araya geldi"},"content":{"rendered":"<p>Mu\u011fla\u2019n\u0131n K\u00f6yce\u011fiz il\u00e7esinde Sabah Namaz\u0131 bulu\u015fmalar\u0131 devam ediyor.<\/p>\n<p>K\u00f6yce\u011fiz \u0130l\u00e7e M\u00fcft\u00fcl\u00fc\u011f\u00fcnce Camiler ve Din G\u00f6revlileri Haftas\u0131 m\u00fcnasebetiyle d\u00fczenlenen sabah namaz\u0131 bulu\u015fmas\u0131 Erkanlar Camii\u2019nde yap\u0131ld\u0131. K\u00f6yce\u011fiz halk\u0131n\u0131n i\u015ftirak etti\u011fi sabah namaz\u0131 bulu\u015fmas\u0131nda Din Hizmetleri Uzman\u0131 \u0130brahim B\u00f6l\u00fckba\u015f\u0131 Kur\u2019an okuyup namaz\u0131 k\u0131ld\u0131rd\u0131. Vaiz Rauf Evleksiz\u2019de sohbet edip ba\u015fta Gazzeli M\u00fcsl\u00fcmanlar olmak \u00fczere t\u00fcm mazlumlar i\u00e7in dua etti. Tesbihat\u0131 Selman G\u00fcndo\u011fdu\u2019nun yapt\u0131rd\u0131\u011f\u0131 sabah namaz\u0131 bulu\u015fmas\u0131 Erdal \u0130slamo\u011flu\u2019nun ev sahipli\u011finde yap\u0131lan ikramlar ve yap\u0131lan yemek duas\u0131 ile sona erdi.<br \/><\/p>\n","protected":false},"excerpt":{"rendered":"<p>Mu\u011fla\u2019n\u0131n K\u00f6yce\u011fiz il\u00e7esinde Sabah Namaz\u0131 bulu\u015fmalar\u0131 devam ediyor. K\u00f6yce\u011fiz \u0130l\u00e7e M\u00fcft\u00fcl\u00fc\u011f\u00fcnce Camiler ve Din G\u00f6revlileri Haftas\u0131 m\u00fcnasebetiyle d\u00fczenlenen sabah namaz\u0131 bulu\u015fmas\u0131 Erkanlar Camii\u2019nde yap\u0131ld\u0131. K\u00f6yce\u011fiz halk\u0131n\u0131n i\u015ftirak etti\u011fi sabah namaz\u0131 bulu\u015fmas\u0131nda Din Hizmetleri Uzman\u0131 \u0130brahim B\u00f6l\u00fckba\u015f\u0131 Kur\u2019an okuyup namaz\u0131 k\u0131ld\u0131rd\u0131. Vaiz Rauf Evleksiz\u2019de sohbet edip ba\u015fta Gazzeli M\u00fcsl\u00fcmanlar olmak \u00fczere t\u00fcm mazlumlar i\u00e7in dua etti&#8230;.<\/p>\n","protected":false},"author":1,"featured_media":59474,"comment_status":"open","ping_status":"open","sticky":false,"template":"","format":"standard","meta":{"_crdt_document":"","footnotes":""},"categories":[1],"tags":[],"class_list":["post-59473","post","type-post","status-publish","format-standard","has-post-thumbnail","hentry","category-guncel"],"_links":{"self":[{"href":"https:\/\/www.egemtv.com\/index.php?rest_route=\/wp\/v2\/posts\/59473","targetHints":{"allow":["GET"]}}],"collection":[{"href":"https:\/\/www.egemtv.com\/index.php?rest_route=\/wp\/v2\/posts"}],"about":[{"href":"https:\/\/www.egemtv.com\/index.php?rest_route=\/wp\/v2\/types\/post"}],"author":[{"embeddable":true,"href":"https:\/\/www.egemtv.com\/index.php?rest_route=\/wp\/v2\/users\/1"}],"replies":[{"embeddable":true,"href":"https:\/\/www.egemtv.com\/index.php?rest_route=%2Fwp%2Fv2%2Fcomments&post=59473"}],"version-history":[{"count":1,"href":"https:\/\/www.egemtv.com\/index.php?rest_route=\/wp\/v2\/posts\/59473\/revisions"}],"predecessor-version":[{"id":59475,"href":"https:\/\/www.egemtv.com\/index.php?rest_route=\/wp\/v2\/posts\/59473\/revisions\/59475"}],"wp:featuredmedia":[{"embeddable":true,"href":"https:\/\/www.egemtv.com\/index.php?rest_route=\/wp\/v2\/media\/59474"}],"wp:attachment":[{"href":"https:\/\/www.egemtv.com\/index.php?rest_route=%2Fwp%2Fv2%2Fmedia&parent=59473"}],"wp:term":[{"taxonomy":"category","embeddable":true,"href":"https:\/\/www.egemtv.com\/index.php?rest_route=%2Fwp%2Fv2%2Fcategories&post=59473"},{"taxonomy":"post_tag","embeddable":true,"href":"https:\/\/www.egemtv.com\/index.php?rest_route=%2Fwp%2Fv2%2Ftags&post=59473"}],"curies":[{"name":"wp","href":"https:\/\/api.w.org\/{rel}","templated":true}]}}