{"id":59470,"date":"2025-10-05T16:17:21","date_gmt":"2025-10-05T13:17:21","guid":{"rendered":"https:\/\/www.egemtv.com\/?p=59470"},"modified":"2025-10-05T16:17:42","modified_gmt":"2025-10-05T13:17:42","slug":"kutahyada-dede-torun-el-ele-tarih-yolculugu","status":"publish","type":"post","link":"https:\/\/www.egemtv.com\/?p=59470","title":{"rendered":"K\u00fctahya\u2019da &#8220;Dede Torun El Ele&#8221; tarih yolculu\u011fu"},"content":{"rendered":"<p>K\u00fctahya\u2019da Tav\u015fanl\u0131 Borsa \u0130stanbul Anadolu Lisesi, bu y\u0131l\u0131n Aile Y\u0131l\u0131 ilan edilmesi nedeniyle &#8220;Dede Torun El Ele&#8221; projesi ile \u2019kurulu\u015fun topra\u011f\u0131\u2019 Domani\u00e7\u2019e bir gezi d\u00fczenledi.<br \/>\n<br \/>9\u2019uncu s\u0131n\u0131f \u00f6\u011frencileri; dedeleri ve \u00f6\u011fretmenleri ile beraber, Osmanl\u0131 Devleti\u2019nin kurucusu Osman Gazi\u2019nin babaannesi, Ertu\u011frul Gazi\u2019nin annesi olan ve t\u00fcrbesi Domani\u00e7\u2019in \u00c7ar\u015famba k\u00f6y\u00fcnde bulunan Hayme Ana T\u00fcrbesi\u2019nden ba\u015flad\u0131klar\u0131 tarih gezisinde, Osman Gazi\u2019nin do\u011fup b\u00fcy\u00fcd\u00fc\u011f\u00fc Domani\u00e7 Domur K\u00f6y\u2019de bulunan tarihi M\u0131z\u0131k \u00c7am\u0131\u2019n\u0131, \u00c7iftlik K\u00f6y\u2019de bir vatanda\u015f\u0131n \u00f6zel m\u00fczesini gezdi. Grup ard\u0131ndan Il\u0131caksu Sar\u0131k\u0131z\u2019\u0131 ziyaret ederek dedeler ve torunlar olarak tarihi adeta yeniden ya\u015fad\u0131.<br \/>\n<br \/>Projeyi olu\u015fturanlardan Tarih \u00d6\u011fretmeni Davut \u00d6zdemir, &#8220;Bu y\u0131l Aile Y\u0131l\u0131 ilan edildi. Biz de bu \u00e7er\u00e7evede B\u00fcy\u00fck T\u00fcrk Ailesi\u2019ni yeniden canland\u0131rabilmek, ku\u015faklar\u0131 bir araya getirebilmek ve T\u00fcrkiye genelinde g\u00fczel bir \u00f6rnek olmak i\u00e7in b\u00f6yle bir proje haz\u0131rlad\u0131k. \u2019Dede Torun El Ele, Ge\u00e7mi\u015ften Gelece\u011fe\u2019 projemizin \u00fc\u00e7 ana hedefi var: Birincisi; dede ile torunu bir araya getirip g\u00fczel bir an\u0131 olu\u015fturmak ve ku\u015faklar aras\u0131 s\u0131cak ba\u011flar kurmak. \u0130kincisi; K\u00fctahya\u2019m\u0131z Kurulu\u015fun ve Kurtulu\u015fun \u015fehri. Domani\u00e7 ise Kurulu\u015fun \u015fehri. Biz atalar\u0131m\u0131z\u0131n ya\u015fad\u0131\u011f\u0131 yerleri gezmek, g\u00f6rmek ve onlar\u0131 anlamak. \u00dc\u00e7\u00fcnc\u00fcs\u00fc ise bu y\u0131l\u0131n Aile Y\u0131l\u0131 olmas\u0131ndan dolay\u0131 geni\u015f aile gelene\u011fini devam ettirmek&#8221; dedi.<br \/>\n<br \/>Ba\u015flar\u0131nda tarih, m\u00fczik, rehber ve beden e\u011fitimi \u00f6\u011fretmenleri ile Domani\u00e7\u2019e gelen Tav\u015fanl\u0131 Borsa \u0130stanbul Anadolu Lisesi 9\u2019uncu s\u0131n\u0131f \u00f6\u011frencilerinin ilk dura\u011f\u0131 Hayme Ana T\u00fcrbesi oldu. Burada \u00f6\u011frencilere Hayme Ana\u2019n\u0131n kim oldu\u011fu anlat\u0131ld\u0131 ve t\u00fcrbe ba\u015f\u0131nda dualar edildi.<br \/>\n<br \/>\u00d6\u011frencilerin ikinci dura\u011f\u0131, Osmanl\u0131 Devleti\u2019ni kuran Osman Gazi\u2019nin be\u015fi\u011finin salland\u0131\u011f\u0131 Domur K\u00f6y\u2019deki M\u0131z\u0131k \u00c7am\u0131 oldu. Burada M\u0131z\u0131k \u00c7am\u0131 hikayesini dinleyen \u00f6\u011frenciler, \u00e7evrenin kirlili\u011fini fark ederek \u00e7uval dolusu \u00e7\u00f6p toplad\u0131lar.<br \/>\n<br \/>Daha sonra \u00c7iftlik K\u00f6y\u2019de kendi imkanlar\u0131yla m\u00fcze kuran Recep Erden\u2019in evine giden \u00f6\u011frenciler, y\u00fczlerce y\u0131l \u00f6ncesine ait bu tarihi mekanda tarihi e\u015fyalar\u0131 yerinde g\u00f6rerek ve dokunarak \u00f6\u011frendi.<br \/>\n<br \/>Son olarak Il\u0131caksu Sar\u0131k\u0131z Mesire Alan\u0131\u2019na gelen okul \u00f6\u011frencilerine burada g\u00f6zleme ve ayran ikram edildi. \u00d6\u011frenciler ok at\u0131\u015f\u0131 ve saz konseri ile tarihi gezilerini tamamlad\u0131.<br \/><\/p>\n","protected":false},"excerpt":{"rendered":"<p>K\u00fctahya\u2019da Tav\u015fanl\u0131 Borsa \u0130stanbul Anadolu Lisesi, bu y\u0131l\u0131n Aile Y\u0131l\u0131 ilan edilmesi nedeniyle &#8220;Dede Torun El Ele&#8221; projesi ile \u2019kurulu\u015fun topra\u011f\u0131\u2019 Domani\u00e7\u2019e bir gezi d\u00fczenledi. 9\u2019uncu s\u0131n\u0131f \u00f6\u011frencileri; dedeleri ve \u00f6\u011fretmenleri ile beraber, Osmanl\u0131 Devleti\u2019nin kurucusu Osman Gazi\u2019nin babaannesi, Ertu\u011frul Gazi\u2019nin annesi olan ve t\u00fcrbesi Domani\u00e7\u2019in \u00c7ar\u015famba k\u00f6y\u00fcnde bulunan Hayme Ana T\u00fcrbesi\u2019nden ba\u015flad\u0131klar\u0131 tarih gezisinde,&#8230;<\/p>\n","protected":false},"author":1,"featured_media":59471,"comment_status":"open","ping_status":"open","sticky":false,"template":"","format":"standard","meta":{"_crdt_document":"","footnotes":""},"categories":[123],"tags":[],"class_list":["post-59470","post","type-post","status-publish","format-standard","has-post-thumbnail","hentry","category-gundem"],"_links":{"self":[{"href":"https:\/\/www.egemtv.com\/index.php?rest_route=\/wp\/v2\/posts\/59470","targetHints":{"allow":["GET"]}}],"collection":[{"href":"https:\/\/www.egemtv.com\/index.php?rest_route=\/wp\/v2\/posts"}],"about":[{"href":"https:\/\/www.egemtv.com\/index.php?rest_route=\/wp\/v2\/types\/post"}],"author":[{"embeddable":true,"href":"https:\/\/www.egemtv.com\/index.php?rest_route=\/wp\/v2\/users\/1"}],"replies":[{"embeddable":true,"href":"https:\/\/www.egemtv.com\/index.php?rest_route=%2Fwp%2Fv2%2Fcomments&post=59470"}],"version-history":[{"count":1,"href":"https:\/\/www.egemtv.com\/index.php?rest_route=\/wp\/v2\/posts\/59470\/revisions"}],"predecessor-version":[{"id":59472,"href":"https:\/\/www.egemtv.com\/index.php?rest_route=\/wp\/v2\/posts\/59470\/revisions\/59472"}],"wp:featuredmedia":[{"embeddable":true,"href":"https:\/\/www.egemtv.com\/index.php?rest_route=\/wp\/v2\/media\/59471"}],"wp:attachment":[{"href":"https:\/\/www.egemtv.com\/index.php?rest_route=%2Fwp%2Fv2%2Fmedia&parent=59470"}],"wp:term":[{"taxonomy":"category","embeddable":true,"href":"https:\/\/www.egemtv.com\/index.php?rest_route=%2Fwp%2Fv2%2Fcategories&post=59470"},{"taxonomy":"post_tag","embeddable":true,"href":"https:\/\/www.egemtv.com\/index.php?rest_route=%2Fwp%2Fv2%2Ftags&post=59470"}],"curies":[{"name":"wp","href":"https:\/\/api.w.org\/{rel}","templated":true}]}}