{"id":59467,"date":"2025-10-05T16:16:19","date_gmt":"2025-10-05T13:16:19","guid":{"rendered":"https:\/\/www.egemtv.com\/?p=59467"},"modified":"2025-10-05T16:16:35","modified_gmt":"2025-10-05T13:16:35","slug":"bodrumda-yari-maraton-heyecani-yasandi","status":"publish","type":"post","link":"https:\/\/www.egemtv.com\/?p=59467","title":{"rendered":"Bodrum\u2019da yar\u0131 maraton heyecan\u0131 ya\u015fand\u0131"},"content":{"rendered":"<p>Bodrum Yar\u0131 Maratonu, 2 bin 150 sporcunun kat\u0131l\u0131m\u0131yla ger\u00e7ekle\u015fti. 21K erkeklerde birincili\u011fi \u00d6mer Oklu elde ederken, kad\u0131nlarda ise \u00d6zge Tunal\u0131 zirvede yer ald\u0131.<br \/>\n<br \/>Bodrum, 3-5 Ekim 2025 tarihleri aras\u0131nda 8. kez Bodrum Yar\u0131 Maratonu\u2019na ev sahipli\u011fi yapt\u0131. Organizasyona bu y\u0131l T\u00fcrkiye\u2019nin yan\u0131 s\u0131ra Hollanda, Birle\u015fik Krall\u0131k, \u0130sve\u00e7, ABD, Rusya, G\u00fcney Kore, Almanya, Kanada, \u0130svi\u00e7re, \u00c7in, \u0130ran, Avusturya, \u0130rlanda, Japonya, KKTC, G\u00fcney Afrika, Yeni Zelanda, Kazakistan, Zimbabve, Brezilya, Polonya ve Belarus\u2019tan toplam 2 bin 150 sporcu kat\u0131ld\u0131.<\/p>\n<p>3 farkl\u0131 mesafe<br \/>\n<br \/>Bodrum Belediye Meydan\u0131\u2019ndan verilen startlarla 3 farkl\u0131 mesafede yar\u0131\u015flar ko\u015fuldu. 21K\u2019n\u0131n saat 07.30\u2019daki start\u0131n\u0131 Bodrum Belediye Ba\u015fkan\u0131 Tamer Mandalinci ile Gen\u00e7lik ve Spor \u0130l\u00e7e M\u00fcd\u00fcr\u00fc Oktay Dumruk verdi. 10K ve 5K parkurlar\u0131n\u0131n start\u0131 ise saat 07.45\u2019te Bodrum Belediye Meydan\u0131\u2019ndan verildi. Bodrum Belediye Ba\u015fkan\u0131 Tamer Mandalinci de 10K\u2019l\u0131k parkurda yer ald\u0131. Sporcular; Myndos Kap\u0131s\u0131, Antik Tiyatro ve Kumbah\u00e7e Sahili gibi noktalar\u0131 i\u00e7eren rotalarda m\u00fccadele etti.<\/p>\n<p>Dereceye girenler belli oldu<br \/>\n<br \/>Bodrum Yar\u0131 Maratonu\u2019nun ard\u0131ndan dereceye giren sporcular belirlendi. 21K, 10K ve 5K\u2019l\u0131k parkurlarda derece elde eden sporcular \u015fu \u015fekilde:<br \/>\n<br \/>21K Erkekler<br \/>\n<br \/>1- \u00d6mer Oklu 01.16.46.73<br \/>\n<br \/>2- Ege Yold\u00fcren 01.17.43.54<br \/>\n<br \/>3- Suat Karo\u011flu 01.19.21.51<\/p>\n<p>21K Kad\u0131nlar<br \/>\n<br \/>1- \u00d6zge Tunal\u0131 01.40.59.38<br \/>\n<br \/>2- Adina Vakhidova 01.43.55.53<br \/>\n<br \/>3- Yuliva Yiyit 01.45.29.83<\/p>\n<p>10K Erkekler<br \/>\n<br \/>1- Ufuk Arda 33.42.00<br \/>\n<br \/>2- G\u00f6khan G\u00fcndo\u011fan \u015een 36.14.64<br \/>\n<br \/>3- Salih Usta 37.00.20<\/p>\n<p>10K Kad\u0131nlar<br \/>\n<br \/>1- Esen C\u0131vlan 40.40.78<br \/>\n<br \/>2- Aliye Ayta 43.38.47<br \/>\n<br \/>3- \u00c7a\u011fla Elmas 43.56.88<\/p>\n<p>5K Erkekler<br \/>\n<br \/>1- Vladimir Talanov 16.56.84<br \/>\n<br \/>2- Enes Kurt 17.18.10<br \/>\n<br \/>3- Oktay F\u0131rat 17.24.65<\/p>\n<p>5K Kad\u0131nlar<br \/>\n<br \/>1- Fatma Ta\u015f Tatl\u0131 19.52.45<br \/>\n<br \/>2- Anna Kantarm\u0131\u015f 21.07.60<br \/>\n<br \/>3- Lieia Bezlepkina 22.49.62<\/p>\n<p>\u00d6d\u00fcller sahiplerine verildi<br \/>\n<br \/>21K, 10K ve 5K parkurlar\u0131nda genel klasman ve ya\u015f kategorilerinde dereceye giren sporculara \u00f6d\u00fclleri d\u00fczenlenen t\u00f6renle verildi. Bodrum Belediye Meydan\u0131\u2019ndaki t\u00f6rene Bodrum Kaymakam\u0131 Ali S\u0131rmal\u0131, Bodrum Belediye Ba\u015fkan\u0131 Yard\u0131mc\u0131s\u0131 Kanat Hasan \u00d6zsert ile Bodrum Gen\u00e7lik ve Spor \u0130l\u00e7e M\u00fcd\u00fcr\u00fc Oktay Dumruk kat\u0131ld\u0131.<br \/>\n<br \/>21K\u2019da ilk 3\u2019e giren sporculara \u00f6d\u00fcllerini Bodrum Kaymakam\u0131 Ali S\u0131rmal\u0131 takdim etti. 10K\u2019da dereceye girenler ise \u00f6d\u00fcllerini Bodrum Belediye Ba\u015fkan Yard\u0131mc\u0131s\u0131 Kanat Hasan \u00d6zsert\u2019ten ald\u0131. 5K \u00f6d\u00fcllerini de Bodrum Gen\u00e7lik ve Spor \u0130l\u00e7e M\u00fcd\u00fcr\u00fc Oktay Dumruk verdi.<\/p>\n<p>\u00d6mer Oklu: &#8220;Parkurda her sene bizi ekstra yenilikler kar\u015f\u0131l\u0131yor&#8221;<br \/>\n<br \/>Erkekler 21K\u2019da birincili\u011fi kazanan \u00d6mer Oklu, &#8220;\u0130lk g\u00fcn\u00fcnden beri Bodrum Yar\u0131 Maratonu\u2019nu ko\u015fuyorum. Keyifle ko\u015fuyoruz ve organizasyondan \u00e7ok memnunuz. Bu kaliteyi yar\u0131\u015f\u00e7\u0131lar\u0131n kat\u0131l\u0131m\u0131ndan da anlayabiliyoruz. Benim genel klasmanda 1. ve 2.\u2019liklerim vard\u0131. 2. senemde de genel klasmanda 1. olmu\u015ftum. Bu sene de 1. olunca duyguland\u0131m. Bodrum\u2019da ko\u015fmak \u00e7ok g\u00fczel. Bizim i\u00e7in ekim ay\u0131 demek Bodrum Yar\u0131 Maratonu demek&#8221; \u015feklinde konu\u015ftu.<\/p>\n<p>\u00d6zge Tunal\u0131: &#8220;Parkuru \u00e7ok be\u011fendi\u011fim i\u00e7in tekrar Bodrum\u2019a geldim&#8221;<br \/>\n<br \/>Kad\u0131nlar 21K ko\u015fusunda birincilik k\u00fcrs\u00fcs\u00fcne \u00e7\u0131kan \u00d6zge Tunal\u0131 da, &#8220;Yar\u0131\u015f \u00e7ok g\u00fczeldi. Ge\u00e7en sene de kat\u0131lm\u0131\u015ft\u0131m. Parkuru \u00e7ok be\u011fendi\u011fim i\u00e7in tekrar geldim. \u00c7ok keyifliydi. Bodrum\u2019un farkl\u0131 yerlerini g\u00f6rmek ho\u015fuma gidiyor. O y\u00fczden san\u0131r\u0131m her y\u0131l gelece\u011fim. Y\u0131l boyunca d\u00fczenli \u00e7al\u0131\u015fm\u0131\u015ft\u0131m, ko\u015fmay\u0131 \u00e7ok seviyorum. B\u00f6yle bir sonu\u00e7 almak da beni motive ediyor&#8221; diye konu\u015ftu.<\/p>\n<p>Engin \u00c7etinay: &#8220;Bodrum i\u00e7in muhte\u015fem bir g\u00fcnd\u00fc&#8221;<br \/>\n<br \/>Mint Organizasyon Kurucusu Engin \u00c7etinay ise duygular\u0131n\u0131, &#8220;Muhte\u015fem bir g\u00fcnd\u00fc. G\u00fcn\u00fcn ilk \u0131\u015f\u0131klar\u0131 ile ba\u015flad\u0131k. Muhte\u015fem bir hava vard\u0131. \u00c7ok ciddi bir kalabal\u0131kla t\u00fcylerim diken diken oluyor. Enerji \u00e7ok g\u00fczeldi. Bu kadar ko\u015fucuya ev sahipli\u011fi yapmak ve onlar\u0131 a\u011f\u0131rlamak bizim i\u00e7in \u00e7ok g\u00fczel bir duyguydu. Ko\u015fular\u0131m\u0131zda performans odakl\u0131 de\u011fil sanat, m\u00fczik ve tarihle birle\u015ftirip ilerlemek istiyoruz. 10 tane m\u00fczik noktam\u0131z vard\u0131. T\u00f6renden \u00f6nce konserimiz vard\u0131. Organizasyonumuzu daha da b\u00fcy\u00fcterek devam edece\u011fiz&#8221; c\u00fcmleleriyle aktard\u0131.<br \/><\/p>\n","protected":false},"excerpt":{"rendered":"<p>Bodrum Yar\u0131 Maratonu, 2 bin 150 sporcunun kat\u0131l\u0131m\u0131yla ger\u00e7ekle\u015fti. 21K erkeklerde birincili\u011fi \u00d6mer Oklu elde ederken, kad\u0131nlarda ise \u00d6zge Tunal\u0131 zirvede yer ald\u0131. Bodrum, 3-5 Ekim 2025 tarihleri aras\u0131nda 8. kez Bodrum Yar\u0131 Maratonu\u2019na ev sahipli\u011fi yapt\u0131. Organizasyona bu y\u0131l T\u00fcrkiye\u2019nin yan\u0131 s\u0131ra Hollanda, Birle\u015fik Krall\u0131k, \u0130sve\u00e7, ABD, Rusya, G\u00fcney Kore, Almanya, Kanada, \u0130svi\u00e7re, \u00c7in,&#8230;<\/p>\n","protected":false},"author":1,"featured_media":59468,"comment_status":"open","ping_status":"open","sticky":false,"template":"","format":"standard","meta":{"_crdt_document":"","footnotes":""},"categories":[4],"tags":[],"class_list":["post-59467","post","type-post","status-publish","format-standard","has-post-thumbnail","hentry","category-spor"],"_links":{"self":[{"href":"https:\/\/www.egemtv.com\/index.php?rest_route=\/wp\/v2\/posts\/59467","targetHints":{"allow":["GET"]}}],"collection":[{"href":"https:\/\/www.egemtv.com\/index.php?rest_route=\/wp\/v2\/posts"}],"about":[{"href":"https:\/\/www.egemtv.com\/index.php?rest_route=\/wp\/v2\/types\/post"}],"author":[{"embeddable":true,"href":"https:\/\/www.egemtv.com\/index.php?rest_route=\/wp\/v2\/users\/1"}],"replies":[{"embeddable":true,"href":"https:\/\/www.egemtv.com\/index.php?rest_route=%2Fwp%2Fv2%2Fcomments&post=59467"}],"version-history":[{"count":1,"href":"https:\/\/www.egemtv.com\/index.php?rest_route=\/wp\/v2\/posts\/59467\/revisions"}],"predecessor-version":[{"id":59469,"href":"https:\/\/www.egemtv.com\/index.php?rest_route=\/wp\/v2\/posts\/59467\/revisions\/59469"}],"wp:featuredmedia":[{"embeddable":true,"href":"https:\/\/www.egemtv.com\/index.php?rest_route=\/wp\/v2\/media\/59468"}],"wp:attachment":[{"href":"https:\/\/www.egemtv.com\/index.php?rest_route=%2Fwp%2Fv2%2Fmedia&parent=59467"}],"wp:term":[{"taxonomy":"category","embeddable":true,"href":"https:\/\/www.egemtv.com\/index.php?rest_route=%2Fwp%2Fv2%2Fcategories&post=59467"},{"taxonomy":"post_tag","embeddable":true,"href":"https:\/\/www.egemtv.com\/index.php?rest_route=%2Fwp%2Fv2%2Ftags&post=59467"}],"curies":[{"name":"wp","href":"https:\/\/api.w.org\/{rel}","templated":true}]}}