{"id":59464,"date":"2025-10-05T15:35:47","date_gmt":"2025-10-05T12:35:47","guid":{"rendered":"https:\/\/www.egemtv.com\/?p=59464"},"modified":"2025-10-05T15:36:08","modified_gmt":"2025-10-05T12:36:08","slug":"koycegizde-gecmisler-dualarla-anildi","status":"publish","type":"post","link":"https:\/\/www.egemtv.com\/?p=59464","title":{"rendered":"K\u00f6yce\u011fiz\u2019de ge\u00e7mi\u015fler dualarla an\u0131ld\u0131"},"content":{"rendered":"<p>Mu\u011fla\u2019n\u0131n K\u00f6yce\u011fiz il\u00e7esinde vefat eden din g\u00f6revlileri ve t\u00fcm ge\u00e7mi\u015fler i\u00e7in program d\u00fczenlendi.<\/p>\n<p>K\u00f6yce\u011fiz M\u00fcft\u00fcl\u00fc\u011f\u00fc taraf\u0131ndan 1-7 Ekim Camiler ve Din G\u00f6revlileri Haftas\u0131 m\u00fcnasebetiyle t\u00fcm ge\u00e7mi\u015fler, camilerde yap\u0131lan program ile dualarla an\u0131ld\u0131. Merkez Hac\u0131bey Camii\u2019ndeki programda Din G\u00f6revlileri Veysel Uysal, Mehmet Sancar ve Din Hizmetleri Uzman\u0131 \u0130brahim B\u00f6l\u00fckba\u015f\u0131, Emekli \u0130mam-Hatip Mehmet Acar Kur\u2019an-\u0131 Kerim tilavet edip Mevlid-i \u015eerif okudular. Akabinde \u0130l\u00e7e M\u00fcft\u00fcs\u00fc Ahmet Karag\u00f6z haftan\u0131n anlam ve \u00f6nemine binaen vaaz verirken, Gazze\u2019deki mazlumlara dua edildi. K\u00f6yce\u011fiz M\u00fcft\u00fcl\u00fc\u011f\u00fc\u2019nde g\u00f6rev yapan \u0130mam-Hatip, Kur\u2019an Kursu \u00d6\u011freticisi ve daire personellerinin; rahmeti rahmana kavu\u015fan din g\u00f6revlileri, cemaatin ge\u00e7mi\u015fleri, camilerin imar ve ihyas\u0131na katk\u0131s\u0131 olup vefat edenler ve t\u00fcm ge\u00e7mi\u015flerin ruhlar\u0131na ithafen okuduklar\u0131 hatimlerin ve mevlid-i \u015ferifin duas\u0131 da Vaiz Rauf Evleksiz taraf\u0131ndan yap\u0131ld\u0131.<br \/><\/p>\n","protected":false},"excerpt":{"rendered":"<p>Mu\u011fla\u2019n\u0131n K\u00f6yce\u011fiz il\u00e7esinde vefat eden din g\u00f6revlileri ve t\u00fcm ge\u00e7mi\u015fler i\u00e7in program d\u00fczenlendi. K\u00f6yce\u011fiz M\u00fcft\u00fcl\u00fc\u011f\u00fc taraf\u0131ndan 1-7 Ekim Camiler ve Din G\u00f6revlileri Haftas\u0131 m\u00fcnasebetiyle t\u00fcm ge\u00e7mi\u015fler, camilerde yap\u0131lan program ile dualarla an\u0131ld\u0131. Merkez Hac\u0131bey Camii\u2019ndeki programda Din G\u00f6revlileri Veysel Uysal, Mehmet Sancar ve Din Hizmetleri Uzman\u0131 \u0130brahim B\u00f6l\u00fckba\u015f\u0131, Emekli \u0130mam-Hatip Mehmet Acar Kur\u2019an-\u0131 Kerim tilavet&#8230;<\/p>\n","protected":false},"author":1,"featured_media":59465,"comment_status":"open","ping_status":"open","sticky":false,"template":"","format":"standard","meta":{"_crdt_document":"","footnotes":""},"categories":[1],"tags":[],"class_list":["post-59464","post","type-post","status-publish","format-standard","has-post-thumbnail","hentry","category-guncel"],"_links":{"self":[{"href":"https:\/\/www.egemtv.com\/index.php?rest_route=\/wp\/v2\/posts\/59464","targetHints":{"allow":["GET"]}}],"collection":[{"href":"https:\/\/www.egemtv.com\/index.php?rest_route=\/wp\/v2\/posts"}],"about":[{"href":"https:\/\/www.egemtv.com\/index.php?rest_route=\/wp\/v2\/types\/post"}],"author":[{"embeddable":true,"href":"https:\/\/www.egemtv.com\/index.php?rest_route=\/wp\/v2\/users\/1"}],"replies":[{"embeddable":true,"href":"https:\/\/www.egemtv.com\/index.php?rest_route=%2Fwp%2Fv2%2Fcomments&post=59464"}],"version-history":[{"count":1,"href":"https:\/\/www.egemtv.com\/index.php?rest_route=\/wp\/v2\/posts\/59464\/revisions"}],"predecessor-version":[{"id":59466,"href":"https:\/\/www.egemtv.com\/index.php?rest_route=\/wp\/v2\/posts\/59464\/revisions\/59466"}],"wp:featuredmedia":[{"embeddable":true,"href":"https:\/\/www.egemtv.com\/index.php?rest_route=\/wp\/v2\/media\/59465"}],"wp:attachment":[{"href":"https:\/\/www.egemtv.com\/index.php?rest_route=%2Fwp%2Fv2%2Fmedia&parent=59464"}],"wp:term":[{"taxonomy":"category","embeddable":true,"href":"https:\/\/www.egemtv.com\/index.php?rest_route=%2Fwp%2Fv2%2Fcategories&post=59464"},{"taxonomy":"post_tag","embeddable":true,"href":"https:\/\/www.egemtv.com\/index.php?rest_route=%2Fwp%2Fv2%2Ftags&post=59464"}],"curies":[{"name":"wp","href":"https:\/\/api.w.org\/{rel}","templated":true}]}}