{"id":59446,"date":"2025-10-05T13:55:42","date_gmt":"2025-10-05T10:55:42","guid":{"rendered":"https:\/\/www.egemtv.com\/?p=59446"},"modified":"2025-10-05T13:55:48","modified_gmt":"2025-10-05T10:55:48","slug":"sarigolde-uzum-hasadi-araliksiz-devam-ediyor","status":"publish","type":"post","link":"https:\/\/www.egemtv.com\/?p=59446","title":{"rendered":"Sar\u0131g\u00f6l\u2019de \u00fcz\u00fcm hasad\u0131 aral\u0131ks\u0131z devam ediyor"},"content":{"rendered":"<p>T\u00fcrkiye\u2019nin \u00e7ekirdeksiz Sultaniye \u00fcz\u00fcm \u00fcretiminin en \u00f6nemli merkezlerinden biri olan Manisa\u2019n\u0131n Sar\u0131g\u00f6l il\u00e7esinde, \u00fcz\u00fcm hasad\u0131 yo\u011fun bir \u015fekilde devam ediyor. 113 bin dekarl\u0131k alanda yap\u0131lan hasat, Ocak ay\u0131n\u0131n ortalar\u0131na kadar s\u00fcrebiliyor.<br \/>\n<br \/>Sar\u0131g\u00f6l Ovas\u0131\u2019nda ba\u015fta Sultaniye olmak \u00fczere toplam 9 \u00e7e\u015fit sofral\u0131k \u00fcz\u00fcm\u00fcn \u00fcretimi yap\u0131l\u0131rken, \u00fcz\u00fcmler hem i\u00e7 piyasaya hem de yurt d\u0131\u015f\u0131na g\u00f6nderiliyor. \u00dcz\u00fcm \u00fcreticileri, hasatla birlikte hummal\u0131 bir \u00e7al\u0131\u015fma ba\u015flat\u0131rken, \u00f6rt\u00fc alt\u0131 \u00fcz\u00fcmler i\u00e7in ila\u00e7lama \u00e7al\u0131\u015fmalar\u0131n\u0131 da aksatm\u0131yor. Bu sayede baz\u0131 y\u0131llarda hasat Ocak ay\u0131n\u0131n ilk haftas\u0131na kadar uzayabiliyor. Hasat s\u00fcreci boyunca tar\u0131m i\u015f\u00e7ileri de g\u00fcnl\u00fck kazan\u00e7 sa\u011fl\u0131yor. \u00dcz\u00fcmler, baz\u0131 \u00fcreticiler taraf\u0131ndan ya\u015f olarak piyasaya sunulurken, baz\u0131lar\u0131 ise serilerek kurutmal\u0131k olarak de\u011ferlendiriliyor. Son d\u00f6nemde etkili olan ya\u011f\u0131\u015flarla birlikte ba\u011flar\u0131n k\u0131smen suland\u0131\u011f\u0131n\u0131 belirten \u00fcreticiler, yeralt\u0131 sular\u0131n\u0131n bu y\u0131l \u00e7ok derinlerden \u00e7\u0131kt\u0131\u011f\u0131n\u0131 ve barajlardaki su seviyesinin d\u00fc\u015f\u00fck olmas\u0131ndan dolay\u0131 endi\u015feli olduklar\u0131n\u0131 ifade etti.<br \/>\n<br \/>Sar\u0131g\u00f6l Ziraat Odas\u0131 Ba\u015fkan\u0131 Ali \u0130hsan \u00dclgen, &#8220;Sar\u0131g\u00f6l Ovas\u0131\u2019nda biz \u2019\u00fcz\u00fcm bitti\u2019 demeden \u00fcz\u00fcm bitmez. Ba\u015fta Sultaniye olmak \u00fczere toplam dokuz \u00e7e\u015fit sofral\u0131k \u00fcz\u00fcm\u00fcm\u00fcz var&#8221; dedi.<br \/><\/p>\n","protected":false},"excerpt":{"rendered":"<p>T\u00fcrkiye\u2019nin \u00e7ekirdeksiz Sultaniye \u00fcz\u00fcm \u00fcretiminin en \u00f6nemli merkezlerinden biri olan Manisa\u2019n\u0131n Sar\u0131g\u00f6l il\u00e7esinde, \u00fcz\u00fcm hasad\u0131 yo\u011fun bir \u015fekilde devam ediyor. 113 bin dekarl\u0131k alanda yap\u0131lan hasat, Ocak ay\u0131n\u0131n ortalar\u0131na kadar s\u00fcrebiliyor. Sar\u0131g\u00f6l Ovas\u0131\u2019nda ba\u015fta Sultaniye olmak \u00fczere toplam 9 \u00e7e\u015fit sofral\u0131k \u00fcz\u00fcm\u00fcn \u00fcretimi yap\u0131l\u0131rken, \u00fcz\u00fcmler hem i\u00e7 piyasaya hem de yurt d\u0131\u015f\u0131na g\u00f6nderiliyor. \u00dcz\u00fcm \u00fcreticileri,&#8230;<\/p>\n","protected":false},"author":1,"featured_media":59447,"comment_status":"open","ping_status":"open","sticky":false,"template":"","format":"standard","meta":{"_crdt_document":"","footnotes":""},"categories":[125],"tags":[],"class_list":["post-59446","post","type-post","status-publish","format-standard","has-post-thumbnail","hentry","category-ekonomi"],"_links":{"self":[{"href":"https:\/\/www.egemtv.com\/index.php?rest_route=\/wp\/v2\/posts\/59446","targetHints":{"allow":["GET"]}}],"collection":[{"href":"https:\/\/www.egemtv.com\/index.php?rest_route=\/wp\/v2\/posts"}],"about":[{"href":"https:\/\/www.egemtv.com\/index.php?rest_route=\/wp\/v2\/types\/post"}],"author":[{"embeddable":true,"href":"https:\/\/www.egemtv.com\/index.php?rest_route=\/wp\/v2\/users\/1"}],"replies":[{"embeddable":true,"href":"https:\/\/www.egemtv.com\/index.php?rest_route=%2Fwp%2Fv2%2Fcomments&post=59446"}],"version-history":[{"count":1,"href":"https:\/\/www.egemtv.com\/index.php?rest_route=\/wp\/v2\/posts\/59446\/revisions"}],"predecessor-version":[{"id":59448,"href":"https:\/\/www.egemtv.com\/index.php?rest_route=\/wp\/v2\/posts\/59446\/revisions\/59448"}],"wp:featuredmedia":[{"embeddable":true,"href":"https:\/\/www.egemtv.com\/index.php?rest_route=\/wp\/v2\/media\/59447"}],"wp:attachment":[{"href":"https:\/\/www.egemtv.com\/index.php?rest_route=%2Fwp%2Fv2%2Fmedia&parent=59446"}],"wp:term":[{"taxonomy":"category","embeddable":true,"href":"https:\/\/www.egemtv.com\/index.php?rest_route=%2Fwp%2Fv2%2Fcategories&post=59446"},{"taxonomy":"post_tag","embeddable":true,"href":"https:\/\/www.egemtv.com\/index.php?rest_route=%2Fwp%2Fv2%2Ftags&post=59446"}],"curies":[{"name":"wp","href":"https:\/\/api.w.org\/{rel}","templated":true}]}}