{"id":59443,"date":"2025-10-05T13:35:22","date_gmt":"2025-10-05T10:35:22","guid":{"rendered":"https:\/\/www.egemtv.com\/?p=59443"},"modified":"2025-10-05T13:35:25","modified_gmt":"2025-10-05T10:35:25","slug":"aydinda-yerel-duzey-saglik-calisma-grubu-saha-tatbikati-hazirliklari-basladi","status":"publish","type":"post","link":"https:\/\/www.egemtv.com\/?p=59443","title":{"rendered":"Ayd\u0131n\u2019da \u2019Yerel D\u00fczey Sa\u011fl\u0131k \u00c7al\u0131\u015fma Grubu Saha Tatbikat\u0131\u2019 haz\u0131rl\u0131klar\u0131 ba\u015flad\u0131"},"content":{"rendered":"<p>Ayd\u0131n \u0130l Sa\u011fl\u0131k M\u00fcd\u00fcrl\u00fc\u011f\u00fc koordinesinde, T\u00fcrkiye Afet M\u00fcdahale Plan\u0131 (TAMP) kapsam\u0131nda d\u00fczenlenecek \u2019Yerel D\u00fczey Sa\u011fl\u0131k \u00c7al\u0131\u015fma Grubu Operasyon Plan\u0131 Saha Tatbikat\u0131\u2019 \u00f6ncesi haz\u0131rl\u0131k toplant\u0131s\u0131 ger\u00e7ekle\u015ftirildi.<\/p>\n<p>\u0130l Sa\u011fl\u0131k M\u00fcd\u00fcrl\u00fc\u011f\u00fc Sa\u011fl\u0131k Hizmetleri Ba\u015fkanl\u0131\u011f\u0131\u2019na ba\u011fl\u0131 Afetlerde Sa\u011fl\u0131k Hizmetleri Birimi koordinasyonunda d\u00fczenlenen toplant\u0131ya, \u0130l Sa\u011fl\u0131k M\u00fcd\u00fcr\u00fc Dr. Eser \u015eenkul ba\u015fkanl\u0131k etti. Toplant\u0131da, muhtemel bir afet senaryosu \u00e7er\u00e7evesinde sa\u011fl\u0131k hizmetlerinin kriz an\u0131nda nas\u0131l y\u00f6netilece\u011fine dair kurumsal i\u015fleyi\u015f, m\u00fcdahale planlar\u0131 ve g\u00f6rev da\u011f\u0131l\u0131mlar\u0131 de\u011ferlendirildi. Kurumlar aras\u0131 koordinasyon, ileti\u015fim zinciri, kaynak y\u00f6netimi ve olay an\u0131na dair operasyonel s\u00fcre\u00e7ler senaryo \u00fczerinden detayl\u0131 \u015fekilde aktar\u0131ld\u0131. Program\u0131n sonunda, 21 Ekim 2025 tarihinde ger\u00e7ekle\u015ftirilecek saha tatbikat\u0131nda uygulanacak eylemler g\u00f6r\u00fc\u015f\u00fclerek, afetlere kar\u015f\u0131 haz\u0131rl\u0131k d\u00fczeyinin art\u0131r\u0131lmas\u0131na y\u00f6nelik planlamalar yap\u0131ld\u0131.<\/p>\n<p>Toplant\u0131ya; Sa\u011fl\u0131k Hizmetleri Ba\u015fkan\u0131, Ba\u015fkan Yard\u0131mc\u0131s\u0131, \u0130l Ambulans Servisi Ba\u015fhekimi, hizmet ba\u015fkanl\u0131klar\u0131, AFAD \u0130l M\u00fcd\u00fcrl\u00fc\u011f\u00fc, \u0130l Emniyet M\u00fcd\u00fcrl\u00fc\u011f\u00fc, \u0130l Jandarma Komutanl\u0131\u011f\u0131, Jandarma Helikopter ve \u0130HA Filo Komutanl\u0131klar\u0131, Sahil G\u00fcvenlik Komutanl\u0131\u011f\u0131, Ayd\u0131n B\u00fcy\u00fck\u015fehir Belediyesi \u0130tfaiye Daire Ba\u015fkanl\u0131\u011f\u0131 temsilcileri ile hastane y\u00f6neticileri kat\u0131ld\u0131.<br \/><\/p>\n","protected":false},"excerpt":{"rendered":"<p>Ayd\u0131n \u0130l Sa\u011fl\u0131k M\u00fcd\u00fcrl\u00fc\u011f\u00fc koordinesinde, T\u00fcrkiye Afet M\u00fcdahale Plan\u0131 (TAMP) kapsam\u0131nda d\u00fczenlenecek \u2019Yerel D\u00fczey Sa\u011fl\u0131k \u00c7al\u0131\u015fma Grubu Operasyon Plan\u0131 Saha Tatbikat\u0131\u2019 \u00f6ncesi haz\u0131rl\u0131k toplant\u0131s\u0131 ger\u00e7ekle\u015ftirildi. \u0130l Sa\u011fl\u0131k M\u00fcd\u00fcrl\u00fc\u011f\u00fc Sa\u011fl\u0131k Hizmetleri Ba\u015fkanl\u0131\u011f\u0131\u2019na ba\u011fl\u0131 Afetlerde Sa\u011fl\u0131k Hizmetleri Birimi koordinasyonunda d\u00fczenlenen toplant\u0131ya, \u0130l Sa\u011fl\u0131k M\u00fcd\u00fcr\u00fc Dr. Eser \u015eenkul ba\u015fkanl\u0131k etti. Toplant\u0131da, muhtemel bir afet senaryosu \u00e7er\u00e7evesinde sa\u011fl\u0131k hizmetlerinin&#8230;<\/p>\n","protected":false},"author":1,"featured_media":59444,"comment_status":"open","ping_status":"open","sticky":false,"template":"","format":"standard","meta":{"_crdt_document":"","footnotes":""},"categories":[1],"tags":[],"class_list":["post-59443","post","type-post","status-publish","format-standard","has-post-thumbnail","hentry","category-guncel"],"_links":{"self":[{"href":"https:\/\/www.egemtv.com\/index.php?rest_route=\/wp\/v2\/posts\/59443","targetHints":{"allow":["GET"]}}],"collection":[{"href":"https:\/\/www.egemtv.com\/index.php?rest_route=\/wp\/v2\/posts"}],"about":[{"href":"https:\/\/www.egemtv.com\/index.php?rest_route=\/wp\/v2\/types\/post"}],"author":[{"embeddable":true,"href":"https:\/\/www.egemtv.com\/index.php?rest_route=\/wp\/v2\/users\/1"}],"replies":[{"embeddable":true,"href":"https:\/\/www.egemtv.com\/index.php?rest_route=%2Fwp%2Fv2%2Fcomments&post=59443"}],"version-history":[{"count":1,"href":"https:\/\/www.egemtv.com\/index.php?rest_route=\/wp\/v2\/posts\/59443\/revisions"}],"predecessor-version":[{"id":59445,"href":"https:\/\/www.egemtv.com\/index.php?rest_route=\/wp\/v2\/posts\/59443\/revisions\/59445"}],"wp:featuredmedia":[{"embeddable":true,"href":"https:\/\/www.egemtv.com\/index.php?rest_route=\/wp\/v2\/media\/59444"}],"wp:attachment":[{"href":"https:\/\/www.egemtv.com\/index.php?rest_route=%2Fwp%2Fv2%2Fmedia&parent=59443"}],"wp:term":[{"taxonomy":"category","embeddable":true,"href":"https:\/\/www.egemtv.com\/index.php?rest_route=%2Fwp%2Fv2%2Fcategories&post=59443"},{"taxonomy":"post_tag","embeddable":true,"href":"https:\/\/www.egemtv.com\/index.php?rest_route=%2Fwp%2Fv2%2Ftags&post=59443"}],"curies":[{"name":"wp","href":"https:\/\/api.w.org\/{rel}","templated":true}]}}