{"id":59437,"date":"2025-10-05T13:34:42","date_gmt":"2025-10-05T10:34:42","guid":{"rendered":"https:\/\/www.egemtv.com\/?p=59437"},"modified":"2025-10-05T13:34:48","modified_gmt":"2025-10-05T10:34:48","slug":"sarigolde-okul-servislerine-yonelik-toplanti","status":"publish","type":"post","link":"https:\/\/www.egemtv.com\/?p=59437","title":{"rendered":"Sar\u0131g\u00f6l\u2019de okul servislerine y\u00f6nelik toplant\u0131"},"content":{"rendered":"<p>Manisa\u2019n\u0131n Sar\u0131g\u00f6l il\u00e7esinde \u00f6zel \u00f6\u011frenci ta\u015f\u0131ma servis s\u00fcr\u00fcc\u00fclerine y\u00f6nelik toplant\u0131 d\u00fczenlendi.<br \/>\n<br \/>Manisa\u2019n\u0131n Sar\u0131g\u00f6l il\u00e7esinde \u00f6\u011frencilerin g\u00fcvenle okullar\u0131na ve evlerine ula\u015ft\u0131r\u0131lmas\u0131 amac\u0131yla \u00f6zel \u00f6\u011frenci ta\u015f\u0131ma servis s\u00fcr\u00fcc\u00fclerine y\u00f6nelik toplant\u0131 ger\u00e7ekle\u015ftirildi. Toplant\u0131da konu\u015fan Sar\u0131g\u00f6l Kaymakam\u0131 Halil Dalak, \u00f6\u011frencilerin can g\u00fcvenli\u011finin \u00f6nemli oldu\u011funu ta\u015f\u0131mac\u0131l\u0131kta kurallara uyulmas\u0131n\u0131n \u00f6nemini vurgulad\u0131. \u0130l\u00e7e Milli E\u011fitim M\u00fcd\u00fcr\u00fc Cezmi Y\u0131ld\u0131rak ise \u00f6\u011frencilerin ini\u015f ve bini\u015flerinde s\u00fcr\u00fcc\u00fclerin dikkatli olmas\u0131 gerekti\u011fini s\u00f6yledi. Toplant\u0131 daha sonra kar\u015f\u0131l\u0131kl\u0131 soru ve cevaplarla son buldu.<br \/>\n<br \/>Sar\u0131g\u00f6l Kaymakaml\u0131\u011f\u0131nda ger\u00e7ekle\u015ftirilen toplant\u0131ya Kaymakam Halil Dalak, Sar\u0131g\u00f6l Belediye Ba\u015fkan\u0131 Tahsin Akdeniz, Sar\u0131g\u00f6l \u0130l\u00e7e Jandarma Komutan\u0131 Celalettin \u015eahbaz, \u0130l\u00e7e Emniyet M\u00fcd\u00fcr Vekili \u00d6m\u00fcr Akif Aydo\u011fdu, Sar\u0131g\u00f6l \u0130l\u00e7e Milli E\u011fitim M\u00fcd\u00fcr\u00fc Cezmi Y\u0131ld\u0131rak ve servis \u015fof\u00f6rleri kat\u0131ld\u0131.<br \/><\/p>\n","protected":false},"excerpt":{"rendered":"<p>Manisa\u2019n\u0131n Sar\u0131g\u00f6l il\u00e7esinde \u00f6zel \u00f6\u011frenci ta\u015f\u0131ma servis s\u00fcr\u00fcc\u00fclerine y\u00f6nelik toplant\u0131 d\u00fczenlendi. Manisa\u2019n\u0131n Sar\u0131g\u00f6l il\u00e7esinde \u00f6\u011frencilerin g\u00fcvenle okullar\u0131na ve evlerine ula\u015ft\u0131r\u0131lmas\u0131 amac\u0131yla \u00f6zel \u00f6\u011frenci ta\u015f\u0131ma servis s\u00fcr\u00fcc\u00fclerine y\u00f6nelik toplant\u0131 ger\u00e7ekle\u015ftirildi. Toplant\u0131da konu\u015fan Sar\u0131g\u00f6l Kaymakam\u0131 Halil Dalak, \u00f6\u011frencilerin can g\u00fcvenli\u011finin \u00f6nemli oldu\u011funu ta\u015f\u0131mac\u0131l\u0131kta kurallara uyulmas\u0131n\u0131n \u00f6nemini vurgulad\u0131. \u0130l\u00e7e Milli E\u011fitim M\u00fcd\u00fcr\u00fc Cezmi Y\u0131ld\u0131rak ise \u00f6\u011frencilerin ini\u015f ve&#8230;<\/p>\n","protected":false},"author":1,"featured_media":59438,"comment_status":"open","ping_status":"open","sticky":false,"template":"","format":"standard","meta":{"_crdt_document":"","footnotes":""},"categories":[5],"tags":[],"class_list":["post-59437","post","type-post","status-publish","format-standard","has-post-thumbnail","hentry","category-asayis"],"_links":{"self":[{"href":"https:\/\/www.egemtv.com\/index.php?rest_route=\/wp\/v2\/posts\/59437","targetHints":{"allow":["GET"]}}],"collection":[{"href":"https:\/\/www.egemtv.com\/index.php?rest_route=\/wp\/v2\/posts"}],"about":[{"href":"https:\/\/www.egemtv.com\/index.php?rest_route=\/wp\/v2\/types\/post"}],"author":[{"embeddable":true,"href":"https:\/\/www.egemtv.com\/index.php?rest_route=\/wp\/v2\/users\/1"}],"replies":[{"embeddable":true,"href":"https:\/\/www.egemtv.com\/index.php?rest_route=%2Fwp%2Fv2%2Fcomments&post=59437"}],"version-history":[{"count":1,"href":"https:\/\/www.egemtv.com\/index.php?rest_route=\/wp\/v2\/posts\/59437\/revisions"}],"predecessor-version":[{"id":59439,"href":"https:\/\/www.egemtv.com\/index.php?rest_route=\/wp\/v2\/posts\/59437\/revisions\/59439"}],"wp:featuredmedia":[{"embeddable":true,"href":"https:\/\/www.egemtv.com\/index.php?rest_route=\/wp\/v2\/media\/59438"}],"wp:attachment":[{"href":"https:\/\/www.egemtv.com\/index.php?rest_route=%2Fwp%2Fv2%2Fmedia&parent=59437"}],"wp:term":[{"taxonomy":"category","embeddable":true,"href":"https:\/\/www.egemtv.com\/index.php?rest_route=%2Fwp%2Fv2%2Fcategories&post=59437"},{"taxonomy":"post_tag","embeddable":true,"href":"https:\/\/www.egemtv.com\/index.php?rest_route=%2Fwp%2Fv2%2Ftags&post=59437"}],"curies":[{"name":"wp","href":"https:\/\/api.w.org\/{rel}","templated":true}]}}