{"id":59383,"date":"2025-10-04T19:35:17","date_gmt":"2025-10-04T16:35:17","guid":{"rendered":"https:\/\/www.egemtv.com\/?p=59383"},"modified":"2025-10-04T19:35:25","modified_gmt":"2025-10-04T16:35:25","slug":"minik-gokceden-ornek-davranis","status":"publish","type":"post","link":"https:\/\/www.egemtv.com\/?p=59383","title":{"rendered":"Minik G\u00f6k\u00e7e\u2019den \u00f6rnek davran\u0131\u015f"},"content":{"rendered":"<p>Mu\u011fla\u2019n\u0131n Dat\u00e7a il\u00e7esinde 4 ya\u015f\u0131ndaki G\u00f6k\u00e7e Erdo\u011fan, \u00f6\u011fretmeninin verdi\u011fi mama ile mahallesindeki k\u00f6pe\u011fi elleriyle besleyerek hayvan sevgisinin en g\u00fczel \u00f6rneklerinden birini sergiledi.<br \/>\n<br \/>4 Ekim D\u00fcnya Hayvanlar\u0131 Koruma G\u00fcn\u00fc dolay\u0131s\u0131yla Dat\u00e7a\u2019daki bir kre\u015f \u00f6\u011fretmeni, \u00f6\u011frencilerine hayvan sevgisini a\u015f\u0131lamak ve fark\u0131ndal\u0131k olu\u015fturmak amac\u0131yla k\u00f6pek mamas\u0131 da\u011f\u0131tt\u0131. \u00d6\u011frencilerden mamalar\u0131 sokak hayvanlar\u0131na vermelerini isteyen \u00f6\u011fretmenin bu anlaml\u0131 etkinli\u011fine minik G\u00f6k\u00e7e Erdo\u011fan da duyarl\u0131l\u0131\u011f\u0131yla kat\u0131ld\u0131.<br \/>\n<br \/>Ald\u0131\u011f\u0131 mamay\u0131 mahallesinde &#8220;Lilo&#8221; ismini verdi\u011fi sokak k\u00f6pe\u011fine g\u00f6t\u00fcren G\u00f6k\u00e7e, ailesinin yard\u0131m\u0131yla k\u00f6pe\u011fi evlerinin balkonuna getirerek onunla vakit ge\u00e7irdi. Daha sonra \u00f6\u011fretmeninin verdi\u011fi mamay\u0131 kendi elleriyle &#8220;Lilo&#8221;ya yediren k\u00fc\u00e7\u00fck G\u00f6k\u00e7e\u2019nin bu davran\u0131\u015f\u0131, \u00e7evresindekiler taraf\u0131ndan b\u00fcy\u00fck takdir toplad\u0131.<br \/>\n<br \/>Hayvanlar\u0131 \u00e7ok sevdi\u011fini s\u00f6yleyen 4 ya\u015f\u0131ndaki G\u00f6k\u00e7e Erdo\u011fan, &#8220;\u00d6\u011fretmenimiz bize mama verdi. Bug\u00fcn Hayvanlar\u0131 Koruma G\u00fcn\u00fc, onun i\u00e7in mamay\u0131 getirdim&#8221; diyerek herkesin sokak hayvanlar\u0131n\u0131 beslemesini istedi.<br \/><\/p>\n","protected":false},"excerpt":{"rendered":"<p>Mu\u011fla\u2019n\u0131n Dat\u00e7a il\u00e7esinde 4 ya\u015f\u0131ndaki G\u00f6k\u00e7e Erdo\u011fan, \u00f6\u011fretmeninin verdi\u011fi mama ile mahallesindeki k\u00f6pe\u011fi elleriyle besleyerek hayvan sevgisinin en g\u00fczel \u00f6rneklerinden birini sergiledi. 4 Ekim D\u00fcnya Hayvanlar\u0131 Koruma G\u00fcn\u00fc dolay\u0131s\u0131yla Dat\u00e7a\u2019daki bir kre\u015f \u00f6\u011fretmeni, \u00f6\u011frencilerine hayvan sevgisini a\u015f\u0131lamak ve fark\u0131ndal\u0131k olu\u015fturmak amac\u0131yla k\u00f6pek mamas\u0131 da\u011f\u0131tt\u0131. \u00d6\u011frencilerden mamalar\u0131 sokak hayvanlar\u0131na vermelerini isteyen \u00f6\u011fretmenin bu anlaml\u0131 etkinli\u011fine minik&#8230;<\/p>\n","protected":false},"author":1,"featured_media":59384,"comment_status":"open","ping_status":"open","sticky":false,"template":"","format":"standard","meta":{"_crdt_document":"","footnotes":""},"categories":[1],"tags":[],"class_list":["post-59383","post","type-post","status-publish","format-standard","has-post-thumbnail","hentry","category-guncel"],"_links":{"self":[{"href":"https:\/\/www.egemtv.com\/index.php?rest_route=\/wp\/v2\/posts\/59383","targetHints":{"allow":["GET"]}}],"collection":[{"href":"https:\/\/www.egemtv.com\/index.php?rest_route=\/wp\/v2\/posts"}],"about":[{"href":"https:\/\/www.egemtv.com\/index.php?rest_route=\/wp\/v2\/types\/post"}],"author":[{"embeddable":true,"href":"https:\/\/www.egemtv.com\/index.php?rest_route=\/wp\/v2\/users\/1"}],"replies":[{"embeddable":true,"href":"https:\/\/www.egemtv.com\/index.php?rest_route=%2Fwp%2Fv2%2Fcomments&post=59383"}],"version-history":[{"count":1,"href":"https:\/\/www.egemtv.com\/index.php?rest_route=\/wp\/v2\/posts\/59383\/revisions"}],"predecessor-version":[{"id":59385,"href":"https:\/\/www.egemtv.com\/index.php?rest_route=\/wp\/v2\/posts\/59383\/revisions\/59385"}],"wp:featuredmedia":[{"embeddable":true,"href":"https:\/\/www.egemtv.com\/index.php?rest_route=\/wp\/v2\/media\/59384"}],"wp:attachment":[{"href":"https:\/\/www.egemtv.com\/index.php?rest_route=%2Fwp%2Fv2%2Fmedia&parent=59383"}],"wp:term":[{"taxonomy":"category","embeddable":true,"href":"https:\/\/www.egemtv.com\/index.php?rest_route=%2Fwp%2Fv2%2Fcategories&post=59383"},{"taxonomy":"post_tag","embeddable":true,"href":"https:\/\/www.egemtv.com\/index.php?rest_route=%2Fwp%2Fv2%2Ftags&post=59383"}],"curies":[{"name":"wp","href":"https:\/\/api.w.org\/{rel}","templated":true}]}}