{"id":59380,"date":"2025-10-04T19:35:09","date_gmt":"2025-10-04T16:35:09","guid":{"rendered":"https:\/\/www.egemtv.com\/?p=59380"},"modified":"2025-10-04T19:35:13","modified_gmt":"2025-10-04T16:35:13","slug":"muglada-ilk-uluslararasi-lezzet-festivali","status":"publish","type":"post","link":"https:\/\/www.egemtv.com\/?p=59380","title":{"rendered":"Mu\u011fla\u2019da ilk uluslararas\u0131 lezzet festivali"},"content":{"rendered":"<p>Mente\u015fe Kur\u015funlu Meydan\u0131\u2019nda d\u00fczenlenen Mu\u011fla Uluslararas\u0131 Lezzet Festivali, Vali \u0130dris Akb\u0131y\u0131k, protokol \u00fcyeleri ve \u00fcnl\u00fc \u015feflerin kat\u0131l\u0131m\u0131yla a\u00e7\u0131ld\u0131. Y\u00f6resel tatlar\u0131n sergilendi\u011fi festivalde kad\u0131n \u00fcreticiler \u00f6n plandayd\u0131.<br \/>\n<br \/>Mu\u011fla Tan\u0131t\u0131m Platformu taraf\u0131ndan bu y\u0131l ilk kez d\u00fczenlenen Mu\u011fla Uluslararas\u0131 Lezzet Festivali, Mente\u015fe Kur\u015funlu Meydan\u0131\u2019nda ger\u00e7ekle\u015ftirilen t\u00f6renle ba\u015flad\u0131. A\u00e7\u0131l\u0131\u015fa Mu\u011fla Valisi Dr. \u0130dris Akb\u0131y\u0131k, Mente\u015fe Kaymakam\u0131 Mehmet Eri\u015f, Mente\u015fe Belediye Ba\u015fkan\u0131 Gonca K\u00f6ksal Aras, protokol \u00fcyeleri ve vatanda\u015flar kat\u0131ld\u0131.<br \/>\n<br \/>Festivalin konuklar\u0131 aras\u0131nda T\u00fcrkiye\u2019nin \u00fcnl\u00fc \u015feflerinden Tamer \u00d6zkan, Hazer Amani, Do\u011fa \u00c7it\u00e7i, Ey\u00fcp Kemal Sevin\u00e7, Chef Renato ve Bedri Usta da yer ald\u0131. A\u00e7\u0131l\u0131\u015f\u0131n ard\u0131ndan protokol \u00fcyeleri ve \u015fefler stantlar\u0131 gezerek y\u00f6resel lezzetleri inceledi.<br \/>\n<br \/>Festivalde kad\u0131n kooperatiflerinin \u00fcr\u00fcnleri b\u00fcy\u00fck ilgi g\u00f6r\u00fcrken, vatanda\u015flara tarhana \u00e7orbas\u0131 ikram edildi. Mu\u011fla mutfa\u011f\u0131na \u00f6zg\u00fc tatlar\u0131n tan\u0131t\u0131ld\u0131\u011f\u0131 etkinlikte, y\u00f6resel \u00fcreticiler kat\u0131l\u0131mc\u0131larla bulu\u015ftu.<br \/>\n<br \/>Vali \u0130dris Akb\u0131y\u0131k, festivalin kad\u0131n istihdam\u0131na katk\u0131 sa\u011flad\u0131\u011f\u0131n\u0131 vurgulayarak, &#8220;Kat\u0131l\u0131mc\u0131lar\u0131m\u0131z\u0131n b\u00fcy\u00fck b\u00f6l\u00fcm\u00fcn\u00fc kad\u0131n \u00fcreticiler olu\u015fturuyor. Kad\u0131n istihdam\u0131 a\u00e7\u0131s\u0131ndan bu t\u00fcr organizasyonlar\u0131 \u00f6nemsiyor ve destekliyoruz&#8221; dedi.<br \/>\n<br \/>Akb\u0131y\u0131k, Mu\u011fla\u2019n\u0131n zengin mutfak k\u00fclt\u00fcr\u00fcn\u00fc d\u00fcnyaya tan\u0131tacak festivalin hay\u0131rl\u0131 olmas\u0131n\u0131 dileyerek eme\u011fi ge\u00e7enlere te\u015fekk\u00fcr etti.<br \/><\/p>\n","protected":false},"excerpt":{"rendered":"<p>Mente\u015fe Kur\u015funlu Meydan\u0131\u2019nda d\u00fczenlenen Mu\u011fla Uluslararas\u0131 Lezzet Festivali, Vali \u0130dris Akb\u0131y\u0131k, protokol \u00fcyeleri ve \u00fcnl\u00fc \u015feflerin kat\u0131l\u0131m\u0131yla a\u00e7\u0131ld\u0131. Y\u00f6resel tatlar\u0131n sergilendi\u011fi festivalde kad\u0131n \u00fcreticiler \u00f6n plandayd\u0131. Mu\u011fla Tan\u0131t\u0131m Platformu taraf\u0131ndan bu y\u0131l ilk kez d\u00fczenlenen Mu\u011fla Uluslararas\u0131 Lezzet Festivali, Mente\u015fe Kur\u015funlu Meydan\u0131\u2019nda ger\u00e7ekle\u015ftirilen t\u00f6renle ba\u015flad\u0131. A\u00e7\u0131l\u0131\u015fa Mu\u011fla Valisi Dr. \u0130dris Akb\u0131y\u0131k, Mente\u015fe Kaymakam\u0131 Mehmet Eri\u015f,&#8230;<\/p>\n","protected":false},"author":1,"featured_media":59381,"comment_status":"open","ping_status":"open","sticky":false,"template":"","format":"standard","meta":{"_crdt_document":"","footnotes":""},"categories":[1],"tags":[],"class_list":["post-59380","post","type-post","status-publish","format-standard","has-post-thumbnail","hentry","category-guncel"],"_links":{"self":[{"href":"https:\/\/www.egemtv.com\/index.php?rest_route=\/wp\/v2\/posts\/59380","targetHints":{"allow":["GET"]}}],"collection":[{"href":"https:\/\/www.egemtv.com\/index.php?rest_route=\/wp\/v2\/posts"}],"about":[{"href":"https:\/\/www.egemtv.com\/index.php?rest_route=\/wp\/v2\/types\/post"}],"author":[{"embeddable":true,"href":"https:\/\/www.egemtv.com\/index.php?rest_route=\/wp\/v2\/users\/1"}],"replies":[{"embeddable":true,"href":"https:\/\/www.egemtv.com\/index.php?rest_route=%2Fwp%2Fv2%2Fcomments&post=59380"}],"version-history":[{"count":1,"href":"https:\/\/www.egemtv.com\/index.php?rest_route=\/wp\/v2\/posts\/59380\/revisions"}],"predecessor-version":[{"id":59382,"href":"https:\/\/www.egemtv.com\/index.php?rest_route=\/wp\/v2\/posts\/59380\/revisions\/59382"}],"wp:featuredmedia":[{"embeddable":true,"href":"https:\/\/www.egemtv.com\/index.php?rest_route=\/wp\/v2\/media\/59381"}],"wp:attachment":[{"href":"https:\/\/www.egemtv.com\/index.php?rest_route=%2Fwp%2Fv2%2Fmedia&parent=59380"}],"wp:term":[{"taxonomy":"category","embeddable":true,"href":"https:\/\/www.egemtv.com\/index.php?rest_route=%2Fwp%2Fv2%2Fcategories&post=59380"},{"taxonomy":"post_tag","embeddable":true,"href":"https:\/\/www.egemtv.com\/index.php?rest_route=%2Fwp%2Fv2%2Ftags&post=59380"}],"curies":[{"name":"wp","href":"https:\/\/api.w.org\/{rel}","templated":true}]}}