{"id":59377,"date":"2025-10-04T19:15:45","date_gmt":"2025-10-04T16:15:45","guid":{"rendered":"https:\/\/www.egemtv.com\/?p=59377"},"modified":"2025-10-04T19:15:50","modified_gmt":"2025-10-04T16:15:50","slug":"teknede-yaralanan-vatandasa-sahil-guvenlikten-tibbi-tahliye","status":"publish","type":"post","link":"https:\/\/www.egemtv.com\/?p=59377","title":{"rendered":"Teknede yaralanan vatanda\u015fa Sahil G\u00fcvenlik\u2019ten t\u0131bbi tahliye"},"content":{"rendered":"<p>Mu\u011fla\u2019n\u0131n Marmaris il\u00e7esi a\u00e7\u0131klar\u0131nda seyreden \u00f6zel teknede yaralanan vatanda\u015fa t\u0131bbi tahliye ger\u00e7ekle\u015ftirildi.<br \/>\n<br \/>Marmaris a\u00e7\u0131klar\u0131nda seyreden \u00f6zel teknede yaralanan vatanda\u015f i\u00e7in yard\u0131m \u00e7a\u011fr\u0131s\u0131 yap\u0131ld\u0131. Yap\u0131lan yard\u0131m \u00e7a\u011fr\u0131s\u0131 \u00fczerine y\u00f6nlendirilen Sahil G\u00fcvenlik ekipleri yaralanan \u00e7ocu\u011fu bota alarak 112 ambulans ekiplerine teslim etti.<br \/><\/p>\n","protected":false},"excerpt":{"rendered":"<p>Mu\u011fla\u2019n\u0131n Marmaris il\u00e7esi a\u00e7\u0131klar\u0131nda seyreden \u00f6zel teknede yaralanan vatanda\u015fa t\u0131bbi tahliye ger\u00e7ekle\u015ftirildi. Marmaris a\u00e7\u0131klar\u0131nda seyreden \u00f6zel teknede yaralanan vatanda\u015f i\u00e7in yard\u0131m \u00e7a\u011fr\u0131s\u0131 yap\u0131ld\u0131. Yap\u0131lan yard\u0131m \u00e7a\u011fr\u0131s\u0131 \u00fczerine y\u00f6nlendirilen Sahil G\u00fcvenlik ekipleri yaralanan \u00e7ocu\u011fu bota alarak 112 ambulans ekiplerine teslim etti.<\/p>\n","protected":false},"author":1,"featured_media":59378,"comment_status":"open","ping_status":"open","sticky":false,"template":"","format":"standard","meta":{"_crdt_document":"","footnotes":""},"categories":[2],"tags":[],"class_list":["post-59377","post","type-post","status-publish","format-standard","has-post-thumbnail","hentry","category-saglik"],"_links":{"self":[{"href":"https:\/\/www.egemtv.com\/index.php?rest_route=\/wp\/v2\/posts\/59377","targetHints":{"allow":["GET"]}}],"collection":[{"href":"https:\/\/www.egemtv.com\/index.php?rest_route=\/wp\/v2\/posts"}],"about":[{"href":"https:\/\/www.egemtv.com\/index.php?rest_route=\/wp\/v2\/types\/post"}],"author":[{"embeddable":true,"href":"https:\/\/www.egemtv.com\/index.php?rest_route=\/wp\/v2\/users\/1"}],"replies":[{"embeddable":true,"href":"https:\/\/www.egemtv.com\/index.php?rest_route=%2Fwp%2Fv2%2Fcomments&post=59377"}],"version-history":[{"count":1,"href":"https:\/\/www.egemtv.com\/index.php?rest_route=\/wp\/v2\/posts\/59377\/revisions"}],"predecessor-version":[{"id":59379,"href":"https:\/\/www.egemtv.com\/index.php?rest_route=\/wp\/v2\/posts\/59377\/revisions\/59379"}],"wp:featuredmedia":[{"embeddable":true,"href":"https:\/\/www.egemtv.com\/index.php?rest_route=\/wp\/v2\/media\/59378"}],"wp:attachment":[{"href":"https:\/\/www.egemtv.com\/index.php?rest_route=%2Fwp%2Fv2%2Fmedia&parent=59377"}],"wp:term":[{"taxonomy":"category","embeddable":true,"href":"https:\/\/www.egemtv.com\/index.php?rest_route=%2Fwp%2Fv2%2Fcategories&post=59377"},{"taxonomy":"post_tag","embeddable":true,"href":"https:\/\/www.egemtv.com\/index.php?rest_route=%2Fwp%2Fv2%2Ftags&post=59377"}],"curies":[{"name":"wp","href":"https:\/\/api.w.org\/{rel}","templated":true}]}}