{"id":59374,"date":"2025-10-04T19:15:40","date_gmt":"2025-10-04T16:15:40","guid":{"rendered":"https:\/\/www.egemtv.com\/?p=59374"},"modified":"2025-10-04T19:15:43","modified_gmt":"2025-10-04T16:15:43","slug":"hatiralarda-mugla-kent-bellegine-yolculuk-fotograf-sergisi-acildi","status":"publish","type":"post","link":"https:\/\/www.egemtv.com\/?p=59374","title":{"rendered":"\u2018Hat\u0131ralarda Mu\u011fla: Kent Belle\u011fine Yolculuk\u2019 foto\u011fraf sergisi a\u00e7\u0131ld\u0131"},"content":{"rendered":"<p>32\u2019inci Uluslararas\u0131 Mu\u011fla K\u00fclt\u00fcr ve Sanat \u015eenlikleri kapsam\u0131nda, tarih\u00e7i-yazar Y\u0131lmaz Bozkurt ile Arzu Do\u011fruel\u2019in ar\u015fivinden derlenen &#8220;Hat\u0131ralarda Mu\u011fla Foto\u011fraf Sergisi&#8221; Konakalt\u0131 \u0130skender Alper K\u00fclt\u00fcr Merkezi\u2019nde sanatseverlerle bulu\u015ftu.<br \/>\n<br \/>Serginin a\u00e7\u0131l\u0131\u015f\u0131; Mu\u011fla B\u00fcy\u00fck\u015fehir Belediye Ba\u015fkan\u0131 ve K\u0131y\u0131 Ege Belediyeler Birli\u011fi Ba\u015fkan\u0131 Ahmet Aras, Mente\u015fe Kaymakam\u0131 Mehmet Eri\u015f, Mente\u015fe Belediye Ba\u015fkan\u0131 Gonca K\u00f6ksal Aras ve \u00e7ok say\u0131da davetlinin kat\u0131l\u0131m\u0131yla ger\u00e7ekle\u015ftirildi.<br \/>\n<br \/>A\u00e7\u0131l\u0131\u015fta konu\u015fan tarih\u00e7i-yazar Y\u0131lmaz Bozkurt, &#8220;Do\u011fdu\u011fumuz topraklara borcumuzu \u00f6demeye \u00e7al\u0131\u015f\u0131yoruz. Bu sergi, 15 y\u0131ll\u0131k birikimin \u00fcr\u00fcn\u00fc. Geldi\u011finiz i\u00e7in hepinize te\u015fekk\u00fcr ederim.&#8221; dedi.<br \/>\n<br \/>Mente\u015fe Belediye Ba\u015fkan\u0131 Gonca K\u00f6ksal Aras ise, &#8220;Y\u0131lmaz hocam\u0131z g\u00f6nl\u00fcn\u00fc Mu\u011fla\u2019ya vermi\u015f ve 35 bin foto\u011fraf biriktirmi\u015f. Arzu Abla\u2019ya da ayr\u0131ca te\u015fekk\u00fcr ediyorum; bu sergide onun da eme\u011fi \u00e7ok b\u00fcy\u00fck. Mu\u011fla\u2019m\u0131za, ge\u00e7mi\u015fimize, k\u00f6klerimize ve haf\u0131zam\u0131za y\u00f6nelik yap\u0131lan her \u00e7al\u0131\u015fma bizim i\u00e7in \u00e7ok k\u0131ymetli.&#8221; ifadelerini kulland\u0131.<br \/>\n<br \/>Konu\u015fmalar\u0131n ard\u0131ndan a\u00e7\u0131l\u0131\u015f\u0131 yap\u0131lan sergi, protokol \u00fcyeleri ve davetliler taraf\u0131ndan gezildi. Sergide, 1900\u2019lerden 1990\u2019l\u0131 y\u0131llara uzanan Mu\u011fla\u2019n\u0131n toplumsal ve siyasal ya\u015fam\u0131na \u0131\u015f\u0131k tutan kareler yer al\u0131yor. Bayramlardan d\u00fc\u011f\u00fcnlere, Arasta\u2019dan Saburhane\u2019ye uzanan ya\u015fam sahnelerinin yan\u0131 s\u0131ra; B\u00fcy\u00fck\u015fehir Belediye Binas\u0131, Mente\u015fe Belediye Binas\u0131, Valilik Kona\u011f\u0131, Saat Kulesi, Konakalt\u0131 Han\u0131 ve Yalabal\u0131k Park\u0131 gibi kentin simge yap\u0131lar\u0131n\u0131n y\u00fcz y\u0131l \u00f6ncesine ait foto\u011fraflar\u0131 da sergilendi.<br \/><\/p>\n","protected":false},"excerpt":{"rendered":"<p>32\u2019inci Uluslararas\u0131 Mu\u011fla K\u00fclt\u00fcr ve Sanat \u015eenlikleri kapsam\u0131nda, tarih\u00e7i-yazar Y\u0131lmaz Bozkurt ile Arzu Do\u011fruel\u2019in ar\u015fivinden derlenen &#8220;Hat\u0131ralarda Mu\u011fla Foto\u011fraf Sergisi&#8221; Konakalt\u0131 \u0130skender Alper K\u00fclt\u00fcr Merkezi\u2019nde sanatseverlerle bulu\u015ftu. Serginin a\u00e7\u0131l\u0131\u015f\u0131; Mu\u011fla B\u00fcy\u00fck\u015fehir Belediye Ba\u015fkan\u0131 ve K\u0131y\u0131 Ege Belediyeler Birli\u011fi Ba\u015fkan\u0131 Ahmet Aras, Mente\u015fe Kaymakam\u0131 Mehmet Eri\u015f, Mente\u015fe Belediye Ba\u015fkan\u0131 Gonca K\u00f6ksal Aras ve \u00e7ok say\u0131da davetlinin&#8230;<\/p>\n","protected":false},"author":1,"featured_media":59375,"comment_status":"open","ping_status":"open","sticky":false,"template":"","format":"standard","meta":{"_crdt_document":"","footnotes":""},"categories":[1],"tags":[],"class_list":["post-59374","post","type-post","status-publish","format-standard","has-post-thumbnail","hentry","category-guncel"],"_links":{"self":[{"href":"https:\/\/www.egemtv.com\/index.php?rest_route=\/wp\/v2\/posts\/59374","targetHints":{"allow":["GET"]}}],"collection":[{"href":"https:\/\/www.egemtv.com\/index.php?rest_route=\/wp\/v2\/posts"}],"about":[{"href":"https:\/\/www.egemtv.com\/index.php?rest_route=\/wp\/v2\/types\/post"}],"author":[{"embeddable":true,"href":"https:\/\/www.egemtv.com\/index.php?rest_route=\/wp\/v2\/users\/1"}],"replies":[{"embeddable":true,"href":"https:\/\/www.egemtv.com\/index.php?rest_route=%2Fwp%2Fv2%2Fcomments&post=59374"}],"version-history":[{"count":1,"href":"https:\/\/www.egemtv.com\/index.php?rest_route=\/wp\/v2\/posts\/59374\/revisions"}],"predecessor-version":[{"id":59376,"href":"https:\/\/www.egemtv.com\/index.php?rest_route=\/wp\/v2\/posts\/59374\/revisions\/59376"}],"wp:featuredmedia":[{"embeddable":true,"href":"https:\/\/www.egemtv.com\/index.php?rest_route=\/wp\/v2\/media\/59375"}],"wp:attachment":[{"href":"https:\/\/www.egemtv.com\/index.php?rest_route=%2Fwp%2Fv2%2Fmedia&parent=59374"}],"wp:term":[{"taxonomy":"category","embeddable":true,"href":"https:\/\/www.egemtv.com\/index.php?rest_route=%2Fwp%2Fv2%2Fcategories&post=59374"},{"taxonomy":"post_tag","embeddable":true,"href":"https:\/\/www.egemtv.com\/index.php?rest_route=%2Fwp%2Fv2%2Ftags&post=59374"}],"curies":[{"name":"wp","href":"https:\/\/api.w.org\/{rel}","templated":true}]}}