{"id":59359,"date":"2025-10-04T17:56:08","date_gmt":"2025-10-04T14:56:08","guid":{"rendered":"https:\/\/www.egemtv.com\/?p=59359"},"modified":"2025-10-04T17:56:11","modified_gmt":"2025-10-04T14:56:11","slug":"fethiyede-cocuklar-filistinli-akranlari-icin-resim-cizdi","status":"publish","type":"post","link":"https:\/\/www.egemtv.com\/?p=59359","title":{"rendered":"Fethiye\u2019de \u00e7ocuklar Filistinli akranlar\u0131 i\u00e7in resim \u00e7izdi"},"content":{"rendered":"<p>Mu\u011fla\u2019n\u0131n Fethiye il\u00e7esinde, \u0130srail\u2019in Gazze\u2019ye y\u00f6nelik sald\u0131r\u0131lar\u0131n\u0131 protesto etmek ve Gazzeli \u00e7ocuklara destek olmak amac\u0131yla &#8220;Filistinli \u00c7ocuklar \u0130\u00e7in \u00c7iz&#8221; etkinli\u011fi d\u00fczenlendi.<br \/>\n<br \/>Yetim Vakf\u0131 Mu\u011fla Temsilcili\u011fi taraf\u0131ndan \u015eehit Fethi Bey Park\u0131\u2019nda ger\u00e7ekle\u015ftirilen programa \u00e7e\u015fitli sivil toplum kurulu\u015fu temsilcileri, \u00f6\u011frenciler ve aileler kat\u0131ld\u0131. Etkinlikte \u00e7ocuklar yerlere konulan tuvallere resimler yaparak Gazze\u2019ye destek mesajlar\u0131n\u0131 yans\u0131tt\u0131. \u00c7izimlerde Mescid-i Aksa, T\u00fcrk ve Filistin bayraklar\u0131 ile boykot \u00e7a\u011fr\u0131s\u0131 yap\u0131lan \u00fcr\u00fcnler \u00f6n plana \u00e7\u0131kt\u0131. \u00c7ocuklar\u0131n y\u00fczlerine T\u00fcrk ve Filistin bayraklar\u0131 \u00e7izildi, ayr\u0131ca pamuk \u015feker ikram edildi.<br \/>\n<br \/>Fethiye Anadolu \u0130mam Hatip Lisesi M\u00fcd\u00fcr\u00fc ve Yetim Vakf\u0131 g\u00f6n\u00fcll\u00fcs\u00fc As\u0131m Akt\u00fcrk, etkinlikte yapt\u0131\u011f\u0131 konu\u015fmada, &#8220;T\u00fcrkiye\u2019de e\u015f zamanl\u0131 olarak 81 ilimizde Filistin\u2019e destek \u00e7al\u0131\u015fmas\u0131 yap\u0131yoruz. \u00c7ocuklar\u0131m\u0131z burada \u00e7izdikleri resimlerle k\u00fcresel vicdan\u0131n bir par\u00e7as\u0131 olduklar\u0131n\u0131 g\u00f6steriyor. Zulme kar\u015f\u0131 fark\u0131ndal\u0131k olu\u015fturmalar\u0131n\u0131, empati geli\u015ftirmelerini ve d\u00fcnyan\u0131n neresinde olursa olsun haks\u0131zl\u0131\u011fa kar\u015f\u0131 durmalar\u0131n\u0131 hedefliyoruz&#8221; dedi.<br \/><\/p>\n","protected":false},"excerpt":{"rendered":"<p>Mu\u011fla\u2019n\u0131n Fethiye il\u00e7esinde, \u0130srail\u2019in Gazze\u2019ye y\u00f6nelik sald\u0131r\u0131lar\u0131n\u0131 protesto etmek ve Gazzeli \u00e7ocuklara destek olmak amac\u0131yla &#8220;Filistinli \u00c7ocuklar \u0130\u00e7in \u00c7iz&#8221; etkinli\u011fi d\u00fczenlendi. Yetim Vakf\u0131 Mu\u011fla Temsilcili\u011fi taraf\u0131ndan \u015eehit Fethi Bey Park\u0131\u2019nda ger\u00e7ekle\u015ftirilen programa \u00e7e\u015fitli sivil toplum kurulu\u015fu temsilcileri, \u00f6\u011frenciler ve aileler kat\u0131ld\u0131. Etkinlikte \u00e7ocuklar yerlere konulan tuvallere resimler yaparak Gazze\u2019ye destek mesajlar\u0131n\u0131 yans\u0131tt\u0131. \u00c7izimlerde Mescid-i Aksa,&#8230;<\/p>\n","protected":false},"author":1,"featured_media":59360,"comment_status":"open","ping_status":"open","sticky":false,"template":"","format":"standard","meta":{"_crdt_document":"","footnotes":""},"categories":[1],"tags":[],"class_list":["post-59359","post","type-post","status-publish","format-standard","has-post-thumbnail","hentry","category-guncel"],"_links":{"self":[{"href":"https:\/\/www.egemtv.com\/index.php?rest_route=\/wp\/v2\/posts\/59359","targetHints":{"allow":["GET"]}}],"collection":[{"href":"https:\/\/www.egemtv.com\/index.php?rest_route=\/wp\/v2\/posts"}],"about":[{"href":"https:\/\/www.egemtv.com\/index.php?rest_route=\/wp\/v2\/types\/post"}],"author":[{"embeddable":true,"href":"https:\/\/www.egemtv.com\/index.php?rest_route=\/wp\/v2\/users\/1"}],"replies":[{"embeddable":true,"href":"https:\/\/www.egemtv.com\/index.php?rest_route=%2Fwp%2Fv2%2Fcomments&post=59359"}],"version-history":[{"count":1,"href":"https:\/\/www.egemtv.com\/index.php?rest_route=\/wp\/v2\/posts\/59359\/revisions"}],"predecessor-version":[{"id":59361,"href":"https:\/\/www.egemtv.com\/index.php?rest_route=\/wp\/v2\/posts\/59359\/revisions\/59361"}],"wp:featuredmedia":[{"embeddable":true,"href":"https:\/\/www.egemtv.com\/index.php?rest_route=\/wp\/v2\/media\/59360"}],"wp:attachment":[{"href":"https:\/\/www.egemtv.com\/index.php?rest_route=%2Fwp%2Fv2%2Fmedia&parent=59359"}],"wp:term":[{"taxonomy":"category","embeddable":true,"href":"https:\/\/www.egemtv.com\/index.php?rest_route=%2Fwp%2Fv2%2Fcategories&post=59359"},{"taxonomy":"post_tag","embeddable":true,"href":"https:\/\/www.egemtv.com\/index.php?rest_route=%2Fwp%2Fv2%2Ftags&post=59359"}],"curies":[{"name":"wp","href":"https:\/\/api.w.org\/{rel}","templated":true}]}}