{"id":59356,"date":"2025-10-04T17:56:03","date_gmt":"2025-10-04T14:56:03","guid":{"rendered":"https:\/\/www.egemtv.com\/?p=59356"},"modified":"2025-10-04T17:56:05","modified_gmt":"2025-10-04T14:56:05","slug":"kiz-kardesine-kaynar-su-doken-agabey-tutuklandi","status":"publish","type":"post","link":"https:\/\/www.egemtv.com\/?p=59356","title":{"rendered":"K\u0131z karde\u015fine kaynar su d\u00f6ken a\u011fabey tutukland\u0131"},"content":{"rendered":"<p>Manisa\u2019da k\u0131z karde\u015fini darp edip kaynar su d\u00f6kt\u00fc\u011f\u00fc anlar\u0131 sosyal medyada payla\u015fan a\u011fabey ve babas\u0131 tutuklanarak cezevine g\u00f6nderildi. A\u011fabey M.A.\u0130.A.\u2019n\u0131n 18, baba G.A.\u2019n\u0131n ise 26 adet su\u00e7 kayd\u0131 oldu\u011fu \u00f6\u011frenildi.<br \/>\n<br \/>Manisa\u2019da M.A.\u0130.A. (19), 16 ya\u015f\u0131ndaki k\u0131z karde\u015fi S.A.\u2019ya &#8220;Ayaklar\u0131ma kapan, \u00f6z\u00fcr dile&#8221; dedikten sonra elindeki kaynar suyu k\u0131z\u0131n \u00fczerine d\u00f6kt\u00fc. Deh\u015fet verici g\u00f6r\u00fcnt\u00fcler k\u0131sa s\u00fcrede binlerce kullan\u0131c\u0131ya ula\u015f\u0131rken sosyal medyada b\u00fcy\u00fck tepki toplad\u0131. Manisa \u0130l Emniyet M\u00fcd\u00fcrl\u00fc\u011f\u00fc ekipleri taraf\u0131ndan yakalanan M.A.\u0130.A. (19) isimli \u015fahs\u0131n, g\u00f6zalt\u0131 s\u0131ras\u0131nda kendisine b\u0131\u00e7akla zarar verdi\u011fi \u00f6\u011frenildi. \u015e\u00fcpheli, Manisa \u015eehir Hastanesi\u2019nde sa\u011fl\u0131k kontrol\u00fcnden ge\u00e7irildikten sonra ifadesi al\u0131nmak \u00fczere emniyete sevk edildi.<br \/>\n<br \/>Sabah saatlerinde mahkemeye \u00e7\u0131kar\u0131lan ve 18 su\u00e7 kayd\u0131 oldu\u011fu \u00f6\u011frenilen a\u011fabey M.A.\u0130.A. ve 26 adet su\u00e7 kayd\u0131 oldu\u011fu \u00f6\u011frenilen babas\u0131 G.A. tutuklanarak cezaevine g\u00f6nderildi.<br \/>\n<br \/>\u00d6te yandan, \u015fiddet ma\u011fduru S.A.\u2019n\u0131n ise devlet korumas\u0131na al\u0131nmas\u0131 i\u00e7in ba\u015flat\u0131lan i\u015flemler devam ediyor.<br \/>\n<br \/>Manisa Valili\u011finden yap\u0131lan a\u00e7\u0131klamada, &#8220;3 Ekim 2025 g\u00fcn\u00fc baz\u0131 sosyal medya platformlar\u0131nda Manisa\u2019da 19 ya\u015f\u0131ndaki bir \u015fahs\u0131n, 16 ya\u015f\u0131ndaki k\u0131z karde\u015fine \u015fiddet uygulay\u0131p \u00fczerine kaynar su d\u00f6kt\u00fc\u011f\u00fc g\u00f6r\u00fcnt\u00fclerle ilgili yap\u0131lan ara\u015ft\u0131rmada; olay\u0131 ger\u00e7ekle\u015ftiren \u015f\u00fcpheli \u015fahs\u0131n M.A.\u0130.A (19) oldu\u011fu tespit edilerek yakalanm\u0131\u015f ve adli tahkikat ba\u015flat\u0131lm\u0131\u015ft\u0131r. Aile ve Sosyal Hizmetler birimimizce de \u015fiddete maruz kalan \u00e7ocuk i\u00e7in gerekli tedbir i\u015flemleri ba\u015flat\u0131lm\u0131\u015ft\u0131r&#8221; denilmi\u015fti.<br \/><\/p>\n","protected":false},"excerpt":{"rendered":"<p>Manisa\u2019da k\u0131z karde\u015fini darp edip kaynar su d\u00f6kt\u00fc\u011f\u00fc anlar\u0131 sosyal medyada payla\u015fan a\u011fabey ve babas\u0131 tutuklanarak cezevine g\u00f6nderildi. A\u011fabey M.A.\u0130.A.\u2019n\u0131n 18, baba G.A.\u2019n\u0131n ise 26 adet su\u00e7 kayd\u0131 oldu\u011fu \u00f6\u011frenildi. Manisa\u2019da M.A.\u0130.A. (19), 16 ya\u015f\u0131ndaki k\u0131z karde\u015fi S.A.\u2019ya &#8220;Ayaklar\u0131ma kapan, \u00f6z\u00fcr dile&#8221; dedikten sonra elindeki kaynar suyu k\u0131z\u0131n \u00fczerine d\u00f6kt\u00fc. Deh\u015fet verici g\u00f6r\u00fcnt\u00fcler k\u0131sa s\u00fcrede&#8230;<\/p>\n","protected":false},"author":1,"featured_media":59357,"comment_status":"open","ping_status":"open","sticky":false,"template":"","format":"standard","meta":{"_crdt_document":"","footnotes":""},"categories":[5],"tags":[],"class_list":["post-59356","post","type-post","status-publish","format-standard","has-post-thumbnail","hentry","category-asayis"],"_links":{"self":[{"href":"https:\/\/www.egemtv.com\/index.php?rest_route=\/wp\/v2\/posts\/59356","targetHints":{"allow":["GET"]}}],"collection":[{"href":"https:\/\/www.egemtv.com\/index.php?rest_route=\/wp\/v2\/posts"}],"about":[{"href":"https:\/\/www.egemtv.com\/index.php?rest_route=\/wp\/v2\/types\/post"}],"author":[{"embeddable":true,"href":"https:\/\/www.egemtv.com\/index.php?rest_route=\/wp\/v2\/users\/1"}],"replies":[{"embeddable":true,"href":"https:\/\/www.egemtv.com\/index.php?rest_route=%2Fwp%2Fv2%2Fcomments&post=59356"}],"version-history":[{"count":1,"href":"https:\/\/www.egemtv.com\/index.php?rest_route=\/wp\/v2\/posts\/59356\/revisions"}],"predecessor-version":[{"id":59358,"href":"https:\/\/www.egemtv.com\/index.php?rest_route=\/wp\/v2\/posts\/59356\/revisions\/59358"}],"wp:featuredmedia":[{"embeddable":true,"href":"https:\/\/www.egemtv.com\/index.php?rest_route=\/wp\/v2\/media\/59357"}],"wp:attachment":[{"href":"https:\/\/www.egemtv.com\/index.php?rest_route=%2Fwp%2Fv2%2Fmedia&parent=59356"}],"wp:term":[{"taxonomy":"category","embeddable":true,"href":"https:\/\/www.egemtv.com\/index.php?rest_route=%2Fwp%2Fv2%2Fcategories&post=59356"},{"taxonomy":"post_tag","embeddable":true,"href":"https:\/\/www.egemtv.com\/index.php?rest_route=%2Fwp%2Fv2%2Ftags&post=59356"}],"curies":[{"name":"wp","href":"https:\/\/api.w.org\/{rel}","templated":true}]}}