{"id":59353,"date":"2025-10-04T17:35:42","date_gmt":"2025-10-04T14:35:42","guid":{"rendered":"https:\/\/www.egemtv.com\/?p=59353"},"modified":"2025-10-04T17:35:52","modified_gmt":"2025-10-04T14:35:52","slug":"buyuksehirden-sokak-hayvanlari-icin-244-bin-metrekarelik-yasam-alani","status":"publish","type":"post","link":"https:\/\/www.egemtv.com\/?p=59353","title":{"rendered":"B\u00fcy\u00fck\u015fehir\u2019den sokak hayvanlar\u0131 i\u00e7in 244 bin metrekarelik ya\u015fam alan\u0131"},"content":{"rendered":"<p>Sokak hayvanlar\u0131n\u0131n g\u00fcvenli ve sa\u011fl\u0131kl\u0131 bir ortamda ya\u015fayaca\u011f\u0131 244 bin metrekarelik &#8220;Can Dostlar\u0131 Ya\u015fam Alan\u0131&#8221; projesini hayata ge\u00e7irdiklerini ifade eden Ayd\u0131n B\u00fcy\u00fck\u015fehir Belediye Ba\u015fkan\u0131 \u00d6zlem \u00c7er\u00e7io\u011flu; &#8220;Ayd\u0131n can dostlar\u0131yla birlikte daha g\u00fczel&#8221; dedi.<br \/>\n<br \/>Ayd\u0131n B\u00fcy\u00fck\u015fehir Belediye Ba\u015fkan\u0131 \u00d6zlem \u00c7er\u00e7io\u011flu, 4 Ekim Hayvanlar\u0131 Koruma G\u00fcn\u00fc\u2019nde sokak hayvanlar\u0131 i\u00e7in \u00f6nemli bir projeyi duyurdu. Ba\u015fkan \u00c7er\u00e7io\u011flu, toplam 244 bin metrekarelik alana kurulacak yeni ve modern &#8220;Can Dostlar\u0131 Ya\u015fam Alan\u0131&#8221; projesini kamuoyuyla payla\u015ft\u0131. \u00c7er\u00e7io\u011flu, bug\u00fcne kadar hayvan dostlar\u0131na y\u00f6nelik bir\u00e7ok projeyi hayata ge\u00e7irdiklerini hat\u0131rlatarak, &#8220;Kar\u015f\u0131l\u0131ks\u0131z sevgileriyle hayat\u0131m\u0131za anlam katan can dostlar\u0131m\u0131z i\u00e7in bug\u00fcne kadar \u00e7ok \u015fey yapt\u0131k, daha fazlas\u0131n\u0131 da yapaca\u011f\u0131z&#8221; dedi.<br \/>\n<br \/>Ge\u00e7ti\u011fimiz y\u0131l 30 bin metrekarelik modern bir Evcil Hayvan Bak\u0131m ve Rehabilitasyon Merkezini Ayd\u0131n\u2019a kazand\u0131rd\u0131klar\u0131n\u0131 an\u0131msatan Ba\u015fkan \u00c7er\u00e7io\u011flu, yeni ya\u015fam alan\u0131 projesinin sokak hayvanlar\u0131n\u0131n daha g\u00fcvenli ve sa\u011fl\u0131kl\u0131 bir ortamda ya\u015famalar\u0131n\u0131 sa\u011flayaca\u011f\u0131n\u0131 belirtti.<br \/>\n<br \/>Hayvan haklar\u0131na verdikleri \u00f6nemin artarak devam edece\u011fini vurgulayan Ba\u015fkan \u00c7er\u00e7io\u011flu a\u00e7\u0131klamas\u0131nda &#8220;Kar\u015f\u0131l\u0131ks\u0131z sevgileriyle hayat\u0131m\u0131za anlam katan can dostlar\u0131m\u0131z i\u00e7in bug\u00fcne kadar \u00e7ok \u015fey yapt\u0131k, daha fazlas\u0131n\u0131 da yapaca\u011f\u0131z. Ge\u00e7ti\u011fimiz y\u0131l 30 bin metrekarelik modern bir evcil hayvan bak\u0131m ve rehabilitasyon merkezini kentimize kazand\u0131rm\u0131\u015ft\u0131k. 4 Ekim Hayvanlar\u0131 Koruma G\u00fcn\u00fc\u2019nde yeni bir projeyi m\u00fcjdeliyoruz. Ayd\u0131n\u2019a, sokak hayvanlar\u0131m\u0131z\u0131n daha g\u00fcvenli ve sa\u011fl\u0131kl\u0131 \u015fekilde ya\u015fayaca\u011f\u0131 toplam alan\u0131 244 bin metrekare olan yeni ve modern bir \u2018Can Dostlar\u0131 Ya\u015fam Alan\u0131\u2019 kazand\u0131r\u0131yoruz. \u00c7\u00fcnk\u00fc biz biliyoruz ki, Ayd\u0131n ancak can dostlar\u0131yla birlikte daha g\u00fczel&#8221; ifadelerine yer verdi.<br \/><\/p>\n","protected":false},"excerpt":{"rendered":"<p>Sokak hayvanlar\u0131n\u0131n g\u00fcvenli ve sa\u011fl\u0131kl\u0131 bir ortamda ya\u015fayaca\u011f\u0131 244 bin metrekarelik &#8220;Can Dostlar\u0131 Ya\u015fam Alan\u0131&#8221; projesini hayata ge\u00e7irdiklerini ifade eden Ayd\u0131n B\u00fcy\u00fck\u015fehir Belediye Ba\u015fkan\u0131 \u00d6zlem \u00c7er\u00e7io\u011flu; &#8220;Ayd\u0131n can dostlar\u0131yla birlikte daha g\u00fczel&#8221; dedi. Ayd\u0131n B\u00fcy\u00fck\u015fehir Belediye Ba\u015fkan\u0131 \u00d6zlem \u00c7er\u00e7io\u011flu, 4 Ekim Hayvanlar\u0131 Koruma G\u00fcn\u00fc\u2019nde sokak hayvanlar\u0131 i\u00e7in \u00f6nemli bir projeyi duyurdu. Ba\u015fkan \u00c7er\u00e7io\u011flu, toplam 244&#8230;<\/p>\n","protected":false},"author":1,"featured_media":59354,"comment_status":"open","ping_status":"open","sticky":false,"template":"","format":"standard","meta":{"_crdt_document":"","footnotes":""},"categories":[1],"tags":[],"class_list":["post-59353","post","type-post","status-publish","format-standard","has-post-thumbnail","hentry","category-guncel"],"_links":{"self":[{"href":"https:\/\/www.egemtv.com\/index.php?rest_route=\/wp\/v2\/posts\/59353","targetHints":{"allow":["GET"]}}],"collection":[{"href":"https:\/\/www.egemtv.com\/index.php?rest_route=\/wp\/v2\/posts"}],"about":[{"href":"https:\/\/www.egemtv.com\/index.php?rest_route=\/wp\/v2\/types\/post"}],"author":[{"embeddable":true,"href":"https:\/\/www.egemtv.com\/index.php?rest_route=\/wp\/v2\/users\/1"}],"replies":[{"embeddable":true,"href":"https:\/\/www.egemtv.com\/index.php?rest_route=%2Fwp%2Fv2%2Fcomments&post=59353"}],"version-history":[{"count":1,"href":"https:\/\/www.egemtv.com\/index.php?rest_route=\/wp\/v2\/posts\/59353\/revisions"}],"predecessor-version":[{"id":59355,"href":"https:\/\/www.egemtv.com\/index.php?rest_route=\/wp\/v2\/posts\/59353\/revisions\/59355"}],"wp:featuredmedia":[{"embeddable":true,"href":"https:\/\/www.egemtv.com\/index.php?rest_route=\/wp\/v2\/media\/59354"}],"wp:attachment":[{"href":"https:\/\/www.egemtv.com\/index.php?rest_route=%2Fwp%2Fv2%2Fmedia&parent=59353"}],"wp:term":[{"taxonomy":"category","embeddable":true,"href":"https:\/\/www.egemtv.com\/index.php?rest_route=%2Fwp%2Fv2%2Fcategories&post=59353"},{"taxonomy":"post_tag","embeddable":true,"href":"https:\/\/www.egemtv.com\/index.php?rest_route=%2Fwp%2Fv2%2Ftags&post=59353"}],"curies":[{"name":"wp","href":"https:\/\/api.w.org\/{rel}","templated":true}]}}