{"id":59350,"date":"2025-10-04T17:15:05","date_gmt":"2025-10-04T14:15:05","guid":{"rendered":"https:\/\/www.egemtv.com\/?p=59350"},"modified":"2025-10-04T17:15:09","modified_gmt":"2025-10-04T14:15:09","slug":"usak-universitesinde-gazze-ve-filistin-icin-dualar-okundu","status":"publish","type":"post","link":"https:\/\/www.egemtv.com\/?p=59350","title":{"rendered":"U\u015fak \u00dcniversitesinde Gazze ve Filistin i\u00e7in dualar okundu"},"content":{"rendered":"<p>U\u015fak \u00dcniversitesi\u2019nde Gazze ve Filistin halk\u0131 i\u00e7in \u00f6zel bir dua program\u0131 ger\u00e7ekle\u015ftirildi.<\/p>\n<p>U\u015fak \u00dcniversitesi \u0130lahiyat Fak\u00fcltesi camisinde d\u00fczenlenen etkinli\u011fe U\u015fak Valisi Dr. Naci Akta\u015f, U\u015fak \u00dcniversitesi Rekt\u00f6r\u00fc Prof. Dr. Ekrem Sava\u015f, il protokol\u00fc, \u00fcniversite y\u00f6netimi, akademisyenler, idari personel, Sivil Toplum Kurulu\u015flar\u0131 (STK) temsilcileri ve \u00f6\u011frenciler kat\u0131ld\u0131.<br \/>\n<br \/>U\u015fak \u0130l M\u00fcft\u00fcs\u00fc Mesut Harmanc\u0131 taraf\u0131nda okunan Kur\u2019an-\u0131 Kerim tilavetiyle ba\u015flayan etkinlikte, Gazze\u2019de ya\u015fanan zulme ve Sumud filosuna dikkat \u00e7ekildi. Kat\u0131l\u0131mc\u0131lar tekbir getirerek Filistin halk\u0131yla dayan\u0131\u015fma i\u00e7inde olduklar\u0131n\u0131 vurgulad\u0131lar.<\/p>\n<p>\u2018U\u015fak\u2019tan Gazze\u2019ye Direni\u015fe Bin Selam, slogan\u0131yla \u0130srail zulm\u00fcne kar\u015f\u0131 \u00e7\u0131kt\u0131klar\u0131n\u0131 g\u00f6steren kat\u0131l\u0131mc\u0131lar, \u2018\u2018Nehirden Denize \u00d6zg\u00fcr Filistin\u2019\u2019 ve \u2018\u2018Katil \u0130srail Filistin\u2019den Defol\u2019\u2019 pankartlar\u0131 ile T\u00fcrk ve Filistin bayraklar\u0131 ta\u015f\u0131d\u0131lar.<br \/>\n<br \/>Filistin\u2019de ya\u015fananlar\u0131n bir soyk\u0131r\u0131m oldu\u011funu belirten Rekt\u00f6r Prof. Dr. Ekrem Sava\u015f, burada okunan dualar\u0131n vicdanlar\u0131n hayk\u0131r\u0131\u015f\u0131 oldu\u011funu vurgulad\u0131.<br \/>\n<br \/>Rekt\u00f6r Sava\u015f, &#8220;\u00dcmmetin ac\u0131lar\u0131na sessiz kalamay\u0131z.Gazze\u2019de ya\u015fananlar y\u00fcre\u011fimizi yak\u0131yor. Buradan t\u00fcm d\u00fcnyaya sesleniyoruz. \u0130nsanl\u0131k de\u011ferlerini savunan herkes bu zulme kar\u015f\u0131 \u00e7\u0131kmal\u0131d\u0131r. Gazze\u2019de akan kan\u0131n durmas\u0131, \u00e7ocuklar\u0131n \u00f6lmemesi i\u00e7in vicdan\u0131 olan herkes harekete ge\u00e7melidir. Mazlumun yan\u0131nda, zalimin kar\u015f\u0131s\u0131nda olmak insanl\u0131\u011f\u0131n ortak g\u00f6revidir.\u2019\u2019 dedi.<\/p>\n<p>Etkinlik nohut-pilav da\u011f\u0131t\u0131m\u0131yla sona erdi.<br \/><\/p>\n","protected":false},"excerpt":{"rendered":"<p>U\u015fak \u00dcniversitesi\u2019nde Gazze ve Filistin halk\u0131 i\u00e7in \u00f6zel bir dua program\u0131 ger\u00e7ekle\u015ftirildi. U\u015fak \u00dcniversitesi \u0130lahiyat Fak\u00fcltesi camisinde d\u00fczenlenen etkinli\u011fe U\u015fak Valisi Dr. Naci Akta\u015f, U\u015fak \u00dcniversitesi Rekt\u00f6r\u00fc Prof. Dr. Ekrem Sava\u015f, il protokol\u00fc, \u00fcniversite y\u00f6netimi, akademisyenler, idari personel, Sivil Toplum Kurulu\u015flar\u0131 (STK) temsilcileri ve \u00f6\u011frenciler kat\u0131ld\u0131. U\u015fak \u0130l M\u00fcft\u00fcs\u00fc Mesut Harmanc\u0131 taraf\u0131nda okunan Kur\u2019an-\u0131 Kerim&#8230;<\/p>\n","protected":false},"author":1,"featured_media":59351,"comment_status":"open","ping_status":"open","sticky":false,"template":"","format":"standard","meta":{"_crdt_document":"","footnotes":""},"categories":[123],"tags":[],"class_list":["post-59350","post","type-post","status-publish","format-standard","has-post-thumbnail","hentry","category-gundem"],"_links":{"self":[{"href":"https:\/\/www.egemtv.com\/index.php?rest_route=\/wp\/v2\/posts\/59350","targetHints":{"allow":["GET"]}}],"collection":[{"href":"https:\/\/www.egemtv.com\/index.php?rest_route=\/wp\/v2\/posts"}],"about":[{"href":"https:\/\/www.egemtv.com\/index.php?rest_route=\/wp\/v2\/types\/post"}],"author":[{"embeddable":true,"href":"https:\/\/www.egemtv.com\/index.php?rest_route=\/wp\/v2\/users\/1"}],"replies":[{"embeddable":true,"href":"https:\/\/www.egemtv.com\/index.php?rest_route=%2Fwp%2Fv2%2Fcomments&post=59350"}],"version-history":[{"count":1,"href":"https:\/\/www.egemtv.com\/index.php?rest_route=\/wp\/v2\/posts\/59350\/revisions"}],"predecessor-version":[{"id":59352,"href":"https:\/\/www.egemtv.com\/index.php?rest_route=\/wp\/v2\/posts\/59350\/revisions\/59352"}],"wp:featuredmedia":[{"embeddable":true,"href":"https:\/\/www.egemtv.com\/index.php?rest_route=\/wp\/v2\/media\/59351"}],"wp:attachment":[{"href":"https:\/\/www.egemtv.com\/index.php?rest_route=%2Fwp%2Fv2%2Fmedia&parent=59350"}],"wp:term":[{"taxonomy":"category","embeddable":true,"href":"https:\/\/www.egemtv.com\/index.php?rest_route=%2Fwp%2Fv2%2Fcategories&post=59350"},{"taxonomy":"post_tag","embeddable":true,"href":"https:\/\/www.egemtv.com\/index.php?rest_route=%2Fwp%2Fv2%2Ftags&post=59350"}],"curies":[{"name":"wp","href":"https:\/\/api.w.org\/{rel}","templated":true}]}}