{"id":59347,"date":"2025-10-04T17:14:57","date_gmt":"2025-10-04T14:14:57","guid":{"rendered":"https:\/\/www.egemtv.com\/?p=59347"},"modified":"2025-10-04T17:15:00","modified_gmt":"2025-10-04T14:15:00","slug":"usak-universitesi-ev-sahipliginde-guvenlik-tedbirleri-toplantisi-yapildi","status":"publish","type":"post","link":"https:\/\/www.egemtv.com\/?p=59347","title":{"rendered":"U\u015fak \u00dcniversitesi ev sahipli\u011finde G\u00fcvenlik Tedbirleri Toplant\u0131s\u0131 yap\u0131ld\u0131"},"content":{"rendered":"<p>2025\/2026 E\u011fitim-\u00d6\u011fretim Y\u0131l\u0131 \u00dcniversite G\u00fcvenlik Tedbirleri 1\u2019inci toplant\u0131s\u0131 U\u015fak \u00dcniversitesi Recep Tayyip Erdo\u011fan Kongre ve K\u00fclt\u00fcr Merkezinde ger\u00e7ekle\u015ftirildi.<br \/>\n<br \/>U\u015fak Valisi Dr. Naci Akta\u015f ba\u015fkanl\u0131\u011f\u0131nda ger\u00e7ekle\u015fen toplant\u0131ya U\u015fak \u00dcniversitesi Rekt\u00f6r\u00fc Prof. Dr. Ekrem Sava\u015f, U\u015fak Belediye Ba\u015fkan Yard\u0131mc\u0131s\u0131 Halil Arslan, U\u015fak \u0130l Emniyet M\u00fcd\u00fcr\u00fc Taner \u00c7ift\u00e7i, U\u015fak \u0130l Jandarma Komutan\u0131 Jandarma Albay \u00d6zg\u00fcr K\u0131l\u0131\u00e7, Rekt\u00f6r Yard\u0131mc\u0131s\u0131 Prof. Dr. L\u00fctfi \u00d6zav, Genel Sekreter B\u00fclent \u015eahin, U\u015fak Gen\u00e7lik ve Spor \u0130l M\u00fcd\u00fcr\u00fc Hac\u0131 Tevfik \u00d6zdemir, U\u015fak \u0130l Milli E\u011fitim M\u00fcd\u00fcr\u00fc Halil Y\u00fccel ve ilgili kurum yetkilileri kat\u0131ld\u0131.<br \/>\n<br \/>\u00dcniversite g\u00fcvenli\u011fine y\u00f6nelik etkin tedbirler al\u0131nabilmesi ve gerekli koordinasyonun sa\u011flanabilmesi amac\u0131yla ger\u00e7ekle\u015fen toplant\u0131da Rekt\u00f6r Prof. Dr. Ekrem Sava\u015f, \u00fcniversitenin fiziki ve teknolojik g\u00fcvenlik \u00f6nlemleri, acil durum ve kriz y\u00f6netimi planlar\u0131 hakk\u0131nda bilgi verdi.<br \/>\n<br \/>Rekt\u00f6r Prof. Dr. Sava\u015f, \u00f6\u011frencilerin huzur ve g\u00fcvenli\u011finin \u00fcniversitenin \u00f6nceli\u011fi oldu\u011funu vurgulayarak, &#8220;Valili\u011fimiz, Emniyet ve Jandarmam\u0131z ile i\u015f birli\u011fi i\u00e7inde \u00e7al\u0131\u015fmalar\u0131m\u0131z\u0131 kararl\u0131l\u0131kla s\u00fcrd\u00fcr\u00fcyoruz.&#8221; dedi.<br \/>\n<br \/>Toplant\u0131, g\u00fcndem maddelerinin de\u011ferlendirilmesi ve sorular\u0131n cevaplanmas\u0131n\u0131n ard\u0131ndan sona erdi.<br \/><\/p>\n","protected":false},"excerpt":{"rendered":"<p>2025\/2026 E\u011fitim-\u00d6\u011fretim Y\u0131l\u0131 \u00dcniversite G\u00fcvenlik Tedbirleri 1\u2019inci toplant\u0131s\u0131 U\u015fak \u00dcniversitesi Recep Tayyip Erdo\u011fan Kongre ve K\u00fclt\u00fcr Merkezinde ger\u00e7ekle\u015ftirildi. U\u015fak Valisi Dr. Naci Akta\u015f ba\u015fkanl\u0131\u011f\u0131nda ger\u00e7ekle\u015fen toplant\u0131ya U\u015fak \u00dcniversitesi Rekt\u00f6r\u00fc Prof. Dr. Ekrem Sava\u015f, U\u015fak Belediye Ba\u015fkan Yard\u0131mc\u0131s\u0131 Halil Arslan, U\u015fak \u0130l Emniyet M\u00fcd\u00fcr\u00fc Taner \u00c7ift\u00e7i, U\u015fak \u0130l Jandarma Komutan\u0131 Jandarma Albay \u00d6zg\u00fcr K\u0131l\u0131\u00e7, Rekt\u00f6r Yard\u0131mc\u0131s\u0131&#8230;<\/p>\n","protected":false},"author":1,"featured_media":59348,"comment_status":"open","ping_status":"open","sticky":false,"template":"","format":"standard","meta":{"_crdt_document":"","footnotes":""},"categories":[5],"tags":[],"class_list":["post-59347","post","type-post","status-publish","format-standard","has-post-thumbnail","hentry","category-asayis"],"_links":{"self":[{"href":"https:\/\/www.egemtv.com\/index.php?rest_route=\/wp\/v2\/posts\/59347","targetHints":{"allow":["GET"]}}],"collection":[{"href":"https:\/\/www.egemtv.com\/index.php?rest_route=\/wp\/v2\/posts"}],"about":[{"href":"https:\/\/www.egemtv.com\/index.php?rest_route=\/wp\/v2\/types\/post"}],"author":[{"embeddable":true,"href":"https:\/\/www.egemtv.com\/index.php?rest_route=\/wp\/v2\/users\/1"}],"replies":[{"embeddable":true,"href":"https:\/\/www.egemtv.com\/index.php?rest_route=%2Fwp%2Fv2%2Fcomments&post=59347"}],"version-history":[{"count":1,"href":"https:\/\/www.egemtv.com\/index.php?rest_route=\/wp\/v2\/posts\/59347\/revisions"}],"predecessor-version":[{"id":59349,"href":"https:\/\/www.egemtv.com\/index.php?rest_route=\/wp\/v2\/posts\/59347\/revisions\/59349"}],"wp:featuredmedia":[{"embeddable":true,"href":"https:\/\/www.egemtv.com\/index.php?rest_route=\/wp\/v2\/media\/59348"}],"wp:attachment":[{"href":"https:\/\/www.egemtv.com\/index.php?rest_route=%2Fwp%2Fv2%2Fmedia&parent=59347"}],"wp:term":[{"taxonomy":"category","embeddable":true,"href":"https:\/\/www.egemtv.com\/index.php?rest_route=%2Fwp%2Fv2%2Fcategories&post=59347"},{"taxonomy":"post_tag","embeddable":true,"href":"https:\/\/www.egemtv.com\/index.php?rest_route=%2Fwp%2Fv2%2Ftags&post=59347"}],"curies":[{"name":"wp","href":"https:\/\/api.w.org\/{rel}","templated":true}]}}