{"id":59332,"date":"2025-10-04T15:14:57","date_gmt":"2025-10-04T12:14:57","guid":{"rendered":"https:\/\/www.egemtv.com\/?p=59332"},"modified":"2025-10-04T15:15:03","modified_gmt":"2025-10-04T12:15:03","slug":"ogrenciler-tedavi-goren-kediler-icin-2-bin-kutu-mama-topladi","status":"publish","type":"post","link":"https:\/\/www.egemtv.com\/?p=59332","title":{"rendered":"\u00d6\u011frenciler, tedavi g\u00f6ren kediler i\u00e7in 2 bin kutu mama toplad\u0131"},"content":{"rendered":"<p>Kar\u015f\u0131yaka Mustafa Re\u015fit Pa\u015fa \u0130lkokulu \u00f6\u011frencileri, 4 Ekim Hayvanlar\u0131 Koruma G\u00fcn\u00fc kapsam\u0131nda d\u00fczenledikleri kampanyada 2 binin \u00fczerinde mama toplayarak sokak hayvanlar\u0131na destek oldu.<br \/>\n<br \/>Mustafa Re\u015fit Pa\u015fa \u0130lkokulu Hayvanlar\u0131 Koruma Kul\u00fcb\u00fc, 4 Ekim Hayvanlar\u0131 Koruma G\u00fcn\u00fc\u2019ne \u00f6zel anlaml\u0131 bir proje ger\u00e7ekle\u015ftirdi. Okul genelinde d\u00fczenlenen mama toplama yar\u0131\u015fmas\u0131nda, tedavi g\u00f6ren hasta ve yavru kedilere ba\u011f\u0131\u015flanmak \u00fczere binlerce mama topland\u0131.<\/p>\n<p>B\u00fcy\u00fck kat\u0131l\u0131m, b\u00fcy\u00fck destek<br \/>\n<br \/>Okulun ba\u011fl\u0131 oldu\u011fu Kar\u015f\u0131yaka Belediyesi Veteriner \u0130\u015fleri M\u00fcd\u00fcrl\u00fc\u011f\u00fc b\u00fcnyesindeki kedi tedavi ve rehabilitasyon biriminde tedavi g\u00f6ren kedilere destek amac\u0131yla d\u00fczenlenen kampanyaya 5 g\u00fcn i\u00e7inde 21 s\u0131n\u0131f kat\u0131ld\u0131. \u00d6\u011frenciler, toplamda bin 102 kutu konserve mama, 1354 paket ya\u015f mama ve 20 paket kuru mama toplad\u0131.<\/p>\n<p>\u00d6\u011frenci ve \u00f6\u011fretmenler el ele verdi<br \/>\n<br \/>Hayvanlar\u0131 Koruma Kul\u00fcb\u00fc \u00f6\u011frencileri, velileri ve dan\u0131\u015fman \u00f6\u011fretmeni Mehriye Alt\u0131ok\u2019un koordinasyonunda ger\u00e7ekle\u015ftirilen kampanya kapsam\u0131nda, okul m\u00fcd\u00fcr\u00fc Meral Macit ve m\u00fcd\u00fcr yard\u0131mc\u0131lar\u0131 Ruhi Ero\u011flu ile Sabahat \u00c7etinkol da \u00f6\u011frencileri yaln\u0131z b\u0131rakmad\u0131. Toplanan mamalar, Kar\u015f\u0131yaka Belediyesi Veteriner \u0130\u015fleri M\u00fcd\u00fcr\u00fc \u00c7a\u011flayan \u0130nanl\u0131 ve veteriner hekimlere teslim edildi.<\/p>\n<p>\u0130zmir\u2019de bir ilk<br \/>\n<br \/>Okul y\u00f6netimi ve kul\u00fcp \u00f6\u011frencileri, bu kampanya ile \u0130zmir\u2019de bug\u00fcne kadar d\u00fczenlenen en b\u00fcy\u00fck okul bazl\u0131 mama ba\u011f\u0131\u015f kampanyas\u0131n\u0131 ger\u00e7ekle\u015ftirdiklerini belirtti. \u00d6\u011frenciler, veliler ve \u00f6\u011fretmenler, katk\u0131 sa\u011flayan herkese te\u015fekk\u00fcrlerini iletti.<\/p>\n<p>Toplumsal fark\u0131ndal\u0131k ve \u00f6rnek davran\u0131\u015f<br \/>\n<br \/>Bu anlaml\u0131 kampanya, \u00f6\u011frencilerin hayvan sevgisini peki\u015ftirirken, toplumda sokak hayvanlar\u0131na duyulan fark\u0131ndal\u0131\u011f\u0131 da art\u0131rmay\u0131 hedefliyor. \u00d6\u011frencilerin k\u0131sa s\u00fcrede g\u00f6sterdikleri organizasyon ve i\u015f birli\u011fi, Kar\u015f\u0131yaka\u2019da \u00f6rnek bir proje olarak \u00f6ne \u00e7\u0131k\u0131yor.<br \/><\/p>\n","protected":false},"excerpt":{"rendered":"<p>Kar\u015f\u0131yaka Mustafa Re\u015fit Pa\u015fa \u0130lkokulu \u00f6\u011frencileri, 4 Ekim Hayvanlar\u0131 Koruma G\u00fcn\u00fc kapsam\u0131nda d\u00fczenledikleri kampanyada 2 binin \u00fczerinde mama toplayarak sokak hayvanlar\u0131na destek oldu. Mustafa Re\u015fit Pa\u015fa \u0130lkokulu Hayvanlar\u0131 Koruma Kul\u00fcb\u00fc, 4 Ekim Hayvanlar\u0131 Koruma G\u00fcn\u00fc\u2019ne \u00f6zel anlaml\u0131 bir proje ger\u00e7ekle\u015ftirdi. Okul genelinde d\u00fczenlenen mama toplama yar\u0131\u015fmas\u0131nda, tedavi g\u00f6ren hasta ve yavru kedilere ba\u011f\u0131\u015flanmak \u00fczere binlerce&#8230;<\/p>\n","protected":false},"author":1,"featured_media":59333,"comment_status":"open","ping_status":"open","sticky":false,"template":"","format":"standard","meta":{"_crdt_document":"","footnotes":""},"categories":[1],"tags":[],"class_list":["post-59332","post","type-post","status-publish","format-standard","has-post-thumbnail","hentry","category-guncel"],"_links":{"self":[{"href":"https:\/\/www.egemtv.com\/index.php?rest_route=\/wp\/v2\/posts\/59332","targetHints":{"allow":["GET"]}}],"collection":[{"href":"https:\/\/www.egemtv.com\/index.php?rest_route=\/wp\/v2\/posts"}],"about":[{"href":"https:\/\/www.egemtv.com\/index.php?rest_route=\/wp\/v2\/types\/post"}],"author":[{"embeddable":true,"href":"https:\/\/www.egemtv.com\/index.php?rest_route=\/wp\/v2\/users\/1"}],"replies":[{"embeddable":true,"href":"https:\/\/www.egemtv.com\/index.php?rest_route=%2Fwp%2Fv2%2Fcomments&post=59332"}],"version-history":[{"count":1,"href":"https:\/\/www.egemtv.com\/index.php?rest_route=\/wp\/v2\/posts\/59332\/revisions"}],"predecessor-version":[{"id":59334,"href":"https:\/\/www.egemtv.com\/index.php?rest_route=\/wp\/v2\/posts\/59332\/revisions\/59334"}],"wp:featuredmedia":[{"embeddable":true,"href":"https:\/\/www.egemtv.com\/index.php?rest_route=\/wp\/v2\/media\/59333"}],"wp:attachment":[{"href":"https:\/\/www.egemtv.com\/index.php?rest_route=%2Fwp%2Fv2%2Fmedia&parent=59332"}],"wp:term":[{"taxonomy":"category","embeddable":true,"href":"https:\/\/www.egemtv.com\/index.php?rest_route=%2Fwp%2Fv2%2Fcategories&post=59332"},{"taxonomy":"post_tag","embeddable":true,"href":"https:\/\/www.egemtv.com\/index.php?rest_route=%2Fwp%2Fv2%2Ftags&post=59332"}],"curies":[{"name":"wp","href":"https:\/\/api.w.org\/{rel}","templated":true}]}}