{"id":59329,"date":"2025-10-04T14:35:18","date_gmt":"2025-10-04T11:35:18","guid":{"rendered":"https:\/\/www.egemtv.com\/?p=59329"},"modified":"2025-10-04T14:35:26","modified_gmt":"2025-10-04T11:35:26","slug":"vali-ozkandan-muradiye-osbdeki-yatirimlara-inceleme","status":"publish","type":"post","link":"https:\/\/www.egemtv.com\/?p=59329","title":{"rendered":"Vali \u00d6zkan\u2019dan Muradiye OSB\u2019deki yat\u0131r\u0131mlara inceleme"},"content":{"rendered":"<p>Muradiye Organize Sanayi B\u00f6lgesi Y\u00f6netim Kurulu Ba\u015fkan\u0131 Osman K\u0131v\u0131rc\u0131k ile bir araya gelen Manisa Valisi Vahdettin \u00d6zkan, hem fikir al\u0131\u015fveri\u015finde bulundu hem de yat\u0131r\u0131mlar\u0131 yerinde inceledi.<br \/>\n<br \/>Manisa Valisi Vahdettin \u00d6zkan, Muradiye Organize Sanayi B\u00f6lgesi\u2019ni ziyaret ederek Y\u00f6netim Kurulu Ba\u015fkan\u0131 Osman K\u0131v\u0131rc\u0131k ve y\u00f6netim kurulu \u00fcyeleriyle bir araya geldi. Ziyaret kapsam\u0131nda OSB\u2019nin mevcut durumu de\u011ferlendirildi ve geni\u015fleme alanlar\u0131 yerinde incelendi. Vali Yard\u0131mc\u0131s\u0131 Abdullah Abid \u00d6ztoprak\u2019\u0131n da kat\u0131ld\u0131\u011f\u0131 ziyarette, b\u00f6lgenin sanayi altyap\u0131s\u0131n\u0131n g\u00fc\u00e7lendirilmesine y\u00f6nelik kapsaml\u0131 bir de\u011ferlendirme yap\u0131ld\u0131. Toplant\u0131n\u0131n ana g\u00fcndem maddeleri aras\u0131nda; \u00e7evre dostu \u00fcretim modellerinin yayg\u0131nla\u015ft\u0131r\u0131lmas\u0131, dijital d\u00f6n\u00fc\u015f\u00fcm\u00fcn \u00f6ncelikli hale getirilmesi, altyap\u0131 ve \u00fcstyap\u0131 yat\u0131r\u0131mlar\u0131n\u0131n h\u0131zland\u0131r\u0131lmas\u0131, \u015fehir ve \u00fclke ekonomisine katk\u0131 sa\u011flayacak yenilik\u00e7i projelerin geli\u015ftirilmesi, b\u00f6lgenin kalk\u0131nma \u00f6nceliklerinin \u00fcretim planlar\u0131na etkin \u015fekilde yans\u0131t\u0131lmas\u0131, teknoloji temelli yol haritas\u0131n\u0131n olu\u015fturulmas\u0131 yer ald\u0131.<br \/>\n<br \/>Vali \u00d6zkan, Muradiye OSB\u2019nin s\u00fcrd\u00fcr\u00fclebilir kalk\u0131nma hedeflerine ula\u015fmas\u0131 i\u00e7in bug\u00fcne kadar at\u0131lan somut ad\u0131mlar\u0131 inceledi. Ayr\u0131ca, \u00f6n\u00fcm\u00fczdeki d\u00f6nemde uygulanmas\u0131 planlanan stratejik hedeflerin \u00f6nemine vurgu yaparak, katma de\u011ferli \u00fcretim ve istihdam\u0131n art\u0131r\u0131lmas\u0131 a\u00e7\u0131s\u0131ndan ta\u015f\u0131d\u0131\u011f\u0131 kritik rol\u00fc bir kez daha hat\u0131rlatt\u0131.<br \/>\n<br \/>B\u00f6lgenin gelece\u011fine y\u00f6nelik vizyonun t\u00fcm payda\u015flarla birlikte kararl\u0131l\u0131kla y\u00fcr\u00fct\u00fclece\u011fini Vali \u00d6zkan, &#8220;Muradiye Organize Sanayi B\u00f6lgesi, sadece \u015fehrimizin de\u011fil, b\u00f6lge ve \u00fclke ekonomimizin de geli\u015fimi a\u00e7\u0131s\u0131ndan b\u00fcy\u00fck bir potansiyele sahiptir. Burada at\u0131lacak do\u011fru ad\u0131mlar, istihdam\u0131 g\u00fc\u00e7lendirirken \u00fcretim kapasitemizi de art\u0131racakt\u0131r. Bu kapsamda \u00e7evreye duyarl\u0131 ve dijital d\u00f6n\u00fc\u015f\u00fcm\u00fc \u00f6n planda tutan projeleri \u00f6nceliklendiriyoruz&#8221; dedi.<br \/>\n<br \/>Y\u00f6netim Kurulu Ba\u015fkan\u0131 Osman K\u0131v\u0131rc\u0131k\u2019tan, OSB y\u00f6netiminin mevcut projeleri ve yat\u0131r\u0131m planlar\u0131 hakk\u0131nda bilgi alan Vali \u00d6zkan, b\u00f6lgenin daha rekabet\u00e7i ve s\u00fcrd\u00fcr\u00fclebilir bir \u00fcretim merkezi haline gelmesi i\u00e7in \u00e7al\u0131\u015fmalar\u0131n devam edece\u011fini s\u00f6yledi. \u015eehre sa\u011flanan katk\u0131 i\u00e7in te\u015fekk\u00fcr ederek, ba\u015far\u0131l\u0131 \u00e7al\u0131\u015fmalar\u0131n devam\u0131n\u0131 temenni etti.<br \/><\/p>\n","protected":false},"excerpt":{"rendered":"<p>Muradiye Organize Sanayi B\u00f6lgesi Y\u00f6netim Kurulu Ba\u015fkan\u0131 Osman K\u0131v\u0131rc\u0131k ile bir araya gelen Manisa Valisi Vahdettin \u00d6zkan, hem fikir al\u0131\u015fveri\u015finde bulundu hem de yat\u0131r\u0131mlar\u0131 yerinde inceledi. Manisa Valisi Vahdettin \u00d6zkan, Muradiye Organize Sanayi B\u00f6lgesi\u2019ni ziyaret ederek Y\u00f6netim Kurulu Ba\u015fkan\u0131 Osman K\u0131v\u0131rc\u0131k ve y\u00f6netim kurulu \u00fcyeleriyle bir araya geldi. Ziyaret kapsam\u0131nda OSB\u2019nin mevcut durumu de\u011ferlendirildi ve&#8230;<\/p>\n","protected":false},"author":1,"featured_media":59330,"comment_status":"open","ping_status":"open","sticky":false,"template":"","format":"standard","meta":{"_crdt_document":"","footnotes":""},"categories":[125],"tags":[],"class_list":["post-59329","post","type-post","status-publish","format-standard","has-post-thumbnail","hentry","category-ekonomi"],"_links":{"self":[{"href":"https:\/\/www.egemtv.com\/index.php?rest_route=\/wp\/v2\/posts\/59329","targetHints":{"allow":["GET"]}}],"collection":[{"href":"https:\/\/www.egemtv.com\/index.php?rest_route=\/wp\/v2\/posts"}],"about":[{"href":"https:\/\/www.egemtv.com\/index.php?rest_route=\/wp\/v2\/types\/post"}],"author":[{"embeddable":true,"href":"https:\/\/www.egemtv.com\/index.php?rest_route=\/wp\/v2\/users\/1"}],"replies":[{"embeddable":true,"href":"https:\/\/www.egemtv.com\/index.php?rest_route=%2Fwp%2Fv2%2Fcomments&post=59329"}],"version-history":[{"count":1,"href":"https:\/\/www.egemtv.com\/index.php?rest_route=\/wp\/v2\/posts\/59329\/revisions"}],"predecessor-version":[{"id":59331,"href":"https:\/\/www.egemtv.com\/index.php?rest_route=\/wp\/v2\/posts\/59329\/revisions\/59331"}],"wp:featuredmedia":[{"embeddable":true,"href":"https:\/\/www.egemtv.com\/index.php?rest_route=\/wp\/v2\/media\/59330"}],"wp:attachment":[{"href":"https:\/\/www.egemtv.com\/index.php?rest_route=%2Fwp%2Fv2%2Fmedia&parent=59329"}],"wp:term":[{"taxonomy":"category","embeddable":true,"href":"https:\/\/www.egemtv.com\/index.php?rest_route=%2Fwp%2Fv2%2Fcategories&post=59329"},{"taxonomy":"post_tag","embeddable":true,"href":"https:\/\/www.egemtv.com\/index.php?rest_route=%2Fwp%2Fv2%2Ftags&post=59329"}],"curies":[{"name":"wp","href":"https:\/\/api.w.org\/{rel}","templated":true}]}}