{"id":59326,"date":"2025-10-04T14:35:01","date_gmt":"2025-10-04T11:35:01","guid":{"rendered":"https:\/\/www.egemtv.com\/?p=59326"},"modified":"2025-10-04T14:35:11","modified_gmt":"2025-10-04T11:35:11","slug":"otomobil-seyir-halindeyken-dumanlar-yukseldi","status":"publish","type":"post","link":"https:\/\/www.egemtv.com\/?p=59326","title":{"rendered":"Otomobil seyir halindeyken dumanlar y\u00fckseldi"},"content":{"rendered":"<p>Ayd\u0131n\u2019\u0131n Efeler il\u00e7esinde seyir halindeki otomobilin motor b\u00f6l\u00fcm\u00fcnde \u00e7\u0131kan yang\u0131n, itfaiyenin h\u0131zl\u0131 m\u00fcdahalesiyle s\u00f6nd\u00fcr\u00fcld\u00fc.<br \/>\n<br \/>Olay, Efeler il\u00e7esi Mimar Sinan Mahallesi 2235 Sokak \u00fczerinde meydana geldi. Edinilen bilgiye g\u00f6re seyir halinde olan 35 ARN 640 plakal\u0131 otomobilin, motor b\u00f6l\u00fcm\u00fcnden hen\u00fcz bilinmeyen bir nedenle dumanlar y\u00fckselmeye ba\u015flad\u0131. Durumu fark eden ara\u00e7 s\u00fcr\u00fcc\u00fcs\u00fc, sa\u011fa \u00e7ekerek durumu 112 Acil \u00c7a\u011fr\u0131 Merkezi\u2019ne bildirdi. \u0130hbar \u00fczerine b\u00f6lgeye polis ve itfaiye ekipleri sevk edildi. K\u0131sa s\u00fcrede b\u00f6lgeye gelen itfaiye ekipleri, yang\u0131n\u0131 m\u00fcdahale ederek s\u00f6nd\u00fcrd\u00fc. Yang\u0131nda otomobil kullan\u0131lamaz hale gelirken b\u00fcy\u00fck \u00e7apl\u0131 maddi hasar meydana geldi. So\u011futma \u00e7al\u0131\u015fmalar\u0131 ger\u00e7ekle\u015ftiren ekipler, yang\u0131n\u0131n \u00e7\u0131k\u0131\u015f nedeninin belirlenmesi i\u00e7in inceleme ba\u015flatt\u0131.<br \/><\/p>\n","protected":false},"excerpt":{"rendered":"<p>Ayd\u0131n\u2019\u0131n Efeler il\u00e7esinde seyir halindeki otomobilin motor b\u00f6l\u00fcm\u00fcnde \u00e7\u0131kan yang\u0131n, itfaiyenin h\u0131zl\u0131 m\u00fcdahalesiyle s\u00f6nd\u00fcr\u00fcld\u00fc. Olay, Efeler il\u00e7esi Mimar Sinan Mahallesi 2235 Sokak \u00fczerinde meydana geldi. Edinilen bilgiye g\u00f6re seyir halinde olan 35 ARN 640 plakal\u0131 otomobilin, motor b\u00f6l\u00fcm\u00fcnden hen\u00fcz bilinmeyen bir nedenle dumanlar y\u00fckselmeye ba\u015flad\u0131. Durumu fark eden ara\u00e7 s\u00fcr\u00fcc\u00fcs\u00fc, sa\u011fa \u00e7ekerek durumu 112 Acil&#8230;<\/p>\n","protected":false},"author":1,"featured_media":59327,"comment_status":"open","ping_status":"open","sticky":false,"template":"","format":"standard","meta":{"_crdt_document":"","footnotes":""},"categories":[5],"tags":[],"class_list":["post-59326","post","type-post","status-publish","format-standard","has-post-thumbnail","hentry","category-asayis"],"_links":{"self":[{"href":"https:\/\/www.egemtv.com\/index.php?rest_route=\/wp\/v2\/posts\/59326","targetHints":{"allow":["GET"]}}],"collection":[{"href":"https:\/\/www.egemtv.com\/index.php?rest_route=\/wp\/v2\/posts"}],"about":[{"href":"https:\/\/www.egemtv.com\/index.php?rest_route=\/wp\/v2\/types\/post"}],"author":[{"embeddable":true,"href":"https:\/\/www.egemtv.com\/index.php?rest_route=\/wp\/v2\/users\/1"}],"replies":[{"embeddable":true,"href":"https:\/\/www.egemtv.com\/index.php?rest_route=%2Fwp%2Fv2%2Fcomments&post=59326"}],"version-history":[{"count":1,"href":"https:\/\/www.egemtv.com\/index.php?rest_route=\/wp\/v2\/posts\/59326\/revisions"}],"predecessor-version":[{"id":59328,"href":"https:\/\/www.egemtv.com\/index.php?rest_route=\/wp\/v2\/posts\/59326\/revisions\/59328"}],"wp:featuredmedia":[{"embeddable":true,"href":"https:\/\/www.egemtv.com\/index.php?rest_route=\/wp\/v2\/media\/59327"}],"wp:attachment":[{"href":"https:\/\/www.egemtv.com\/index.php?rest_route=%2Fwp%2Fv2%2Fmedia&parent=59326"}],"wp:term":[{"taxonomy":"category","embeddable":true,"href":"https:\/\/www.egemtv.com\/index.php?rest_route=%2Fwp%2Fv2%2Fcategories&post=59326"},{"taxonomy":"post_tag","embeddable":true,"href":"https:\/\/www.egemtv.com\/index.php?rest_route=%2Fwp%2Fv2%2Ftags&post=59326"}],"curies":[{"name":"wp","href":"https:\/\/api.w.org\/{rel}","templated":true}]}}