{"id":59323,"date":"2025-10-04T14:15:12","date_gmt":"2025-10-04T11:15:12","guid":{"rendered":"https:\/\/www.egemtv.com\/?p=59323"},"modified":"2025-10-04T14:15:15","modified_gmt":"2025-10-04T11:15:15","slug":"manisada-zeytincilere-cifte-uyari","status":"publish","type":"post","link":"https:\/\/www.egemtv.com\/?p=59323","title":{"rendered":"Manisa\u2019da zeytincilere \u00e7ifte uyar\u0131"},"content":{"rendered":"<p>Manisa\u2019n\u0131n Salihli il\u00e7esindeki Tar\u0131m ve Orman M\u00fcd\u00fcrl\u00fc\u011f\u00fc, zeytin \u00fcreticilerine \u00f6nemli bir uyar\u0131da bulundu. \u00dcreticilerin hem halkal\u0131 leke hastal\u0131\u011f\u0131na hem de zeytin sine\u011fi zararl\u0131s\u0131na kar\u015f\u0131 ila\u00e7lama yapmalar\u0131 gerekti\u011fi bildirildi.<br \/>\n<br \/>M\u00fcd\u00fcrl\u00fck, il\u00e7ede zeytin \u00fcretimi yapan \u00e7ift\u00e7ilerin 4-6 Ekim 2025 tarihleri aras\u0131nda ruhsatl\u0131 bitki koruma \u00fcr\u00fcnleriyle zeytin sine\u011fine kar\u015f\u0131 m\u00fccadele etmeleri gerekti\u011fini a\u00e7\u0131klad\u0131. Ayr\u0131ca, mevcut hava ko\u015fullar\u0131n\u0131n halkal\u0131 leke hastal\u0131\u011f\u0131n\u0131n yay\u0131lmas\u0131 i\u00e7in uygun oldu\u011fu vurgulanarak, \u00fcreticilerin bu hastal\u0131\u011fa kar\u015f\u0131 da ruhsatl\u0131 ila\u00e7larla \u00f6nlem almalar\u0131 istendi.<br \/>\n<br \/>M\u00fcd\u00fcrl\u00fck, ila\u00e7lamadan sonra hasada kadar ge\u00e7mesi gereken s\u00fcreye mutlaka dikkat edilmesi gerekti\u011finin alt\u0131n\u0131 \u00e7izerek, aksi durumda hem \u00fcr\u00fcn kalitesinde hem de t\u00fcketici sa\u011fl\u0131\u011f\u0131nda riskler ya\u015fanabilece\u011fini belirtti.<br \/>\n<br \/>Tar\u0131m M\u00fcd\u00fcrl\u00fc\u011f\u00fc, \u00fcreticilerin verim kayb\u0131 ya\u015famamalar\u0131 ve kaliteli \u00fcr\u00fcn elde edebilmeleri i\u00e7in bu uyar\u0131lar\u0131 dikkate almalar\u0131n\u0131 istedi.<br \/><\/p>\n","protected":false},"excerpt":{"rendered":"<p>Manisa\u2019n\u0131n Salihli il\u00e7esindeki Tar\u0131m ve Orman M\u00fcd\u00fcrl\u00fc\u011f\u00fc, zeytin \u00fcreticilerine \u00f6nemli bir uyar\u0131da bulundu. \u00dcreticilerin hem halkal\u0131 leke hastal\u0131\u011f\u0131na hem de zeytin sine\u011fi zararl\u0131s\u0131na kar\u015f\u0131 ila\u00e7lama yapmalar\u0131 gerekti\u011fi bildirildi. M\u00fcd\u00fcrl\u00fck, il\u00e7ede zeytin \u00fcretimi yapan \u00e7ift\u00e7ilerin 4-6 Ekim 2025 tarihleri aras\u0131nda ruhsatl\u0131 bitki koruma \u00fcr\u00fcnleriyle zeytin sine\u011fine kar\u015f\u0131 m\u00fccadele etmeleri gerekti\u011fini a\u00e7\u0131klad\u0131. Ayr\u0131ca, mevcut hava ko\u015fullar\u0131n\u0131n halkal\u0131&#8230;<\/p>\n","protected":false},"author":1,"featured_media":59324,"comment_status":"open","ping_status":"open","sticky":false,"template":"","format":"standard","meta":{"_crdt_document":"","footnotes":""},"categories":[125],"tags":[],"class_list":["post-59323","post","type-post","status-publish","format-standard","has-post-thumbnail","hentry","category-ekonomi"],"_links":{"self":[{"href":"https:\/\/www.egemtv.com\/index.php?rest_route=\/wp\/v2\/posts\/59323","targetHints":{"allow":["GET"]}}],"collection":[{"href":"https:\/\/www.egemtv.com\/index.php?rest_route=\/wp\/v2\/posts"}],"about":[{"href":"https:\/\/www.egemtv.com\/index.php?rest_route=\/wp\/v2\/types\/post"}],"author":[{"embeddable":true,"href":"https:\/\/www.egemtv.com\/index.php?rest_route=\/wp\/v2\/users\/1"}],"replies":[{"embeddable":true,"href":"https:\/\/www.egemtv.com\/index.php?rest_route=%2Fwp%2Fv2%2Fcomments&post=59323"}],"version-history":[{"count":1,"href":"https:\/\/www.egemtv.com\/index.php?rest_route=\/wp\/v2\/posts\/59323\/revisions"}],"predecessor-version":[{"id":59325,"href":"https:\/\/www.egemtv.com\/index.php?rest_route=\/wp\/v2\/posts\/59323\/revisions\/59325"}],"wp:featuredmedia":[{"embeddable":true,"href":"https:\/\/www.egemtv.com\/index.php?rest_route=\/wp\/v2\/media\/59324"}],"wp:attachment":[{"href":"https:\/\/www.egemtv.com\/index.php?rest_route=%2Fwp%2Fv2%2Fmedia&parent=59323"}],"wp:term":[{"taxonomy":"category","embeddable":true,"href":"https:\/\/www.egemtv.com\/index.php?rest_route=%2Fwp%2Fv2%2Fcategories&post=59323"},{"taxonomy":"post_tag","embeddable":true,"href":"https:\/\/www.egemtv.com\/index.php?rest_route=%2Fwp%2Fv2%2Ftags&post=59323"}],"curies":[{"name":"wp","href":"https:\/\/api.w.org\/{rel}","templated":true}]}}