{"id":59320,"date":"2025-10-04T14:14:59","date_gmt":"2025-10-04T11:14:59","guid":{"rendered":"https:\/\/www.egemtv.com\/?p=59320"},"modified":"2025-10-04T14:15:01","modified_gmt":"2025-10-04T11:15:01","slug":"denizli-model-fabrika-aciliyor","status":"publish","type":"post","link":"https:\/\/www.egemtv.com\/?p=59320","title":{"rendered":"Denizli Model Fabrika a\u00e7\u0131l\u0131yor"},"content":{"rendered":"<p>Denizli sanayisinin rekabet g\u00fcc\u00fcn\u00fc ve verimlili\u011fini art\u0131rmay\u0131 hedefleyen Denizli Model Fabrika, 7 Ekim 2025 Sal\u0131 g\u00fcn\u00fc Sanayi ve Teknoloji Bakan\u0131 Mehmet Fatih Kac\u0131r taraf\u0131ndan hizmete a\u00e7\u0131lacak.<\/p>\n<p>Sanayi ve Teknoloji Bakan\u0131 Mehmet Fatih Kac\u0131r\u2019\u0131n te\u015frifleriyle, 7 Ekim 2025 Sal\u0131 g\u00fcn\u00fc ger\u00e7ekle\u015ftirilecek program kapsam\u0131nda Denizli Model Fabrika\u2019n\u0131n resmi a\u00e7\u0131l\u0131\u015f\u0131 yap\u0131lacak ve ayr\u0131ca Denizli Organize Sanayi B\u00f6lgesi At\u0131ksu Ar\u0131tma Tesisi ile G\u00fcne\u015f Enerjisi Santralinin temeli at\u0131lacak.<\/p>\n<p>Denizli sanayisi i\u00e7in \u00f6nemli bir projenin a\u00e7\u0131l\u0131\u015f\u0131n\u0131 yapacaklar\u0131n\u0131 kaydeden Denizli Sanayi Odas\u0131 (DSO) Y\u00f6netim Kurulu Ba\u015fkan\u0131 Selim Kasapo\u011flu, &#8220;Model Fabrika, Denizli sanayisinin gelece\u011fine y\u00f6n verecek bir ad\u0131m. Bu merkez, i\u015fletmelere verimlilik, s\u00fcrd\u00fcr\u00fclebilirlik ve dijital-ye\u015fil ikiz d\u00f6n\u00fc\u015f\u00fcm alanlar\u0131nda rehberlik eden e\u015fsiz bir \u2018\u00d6\u011fren-D\u00f6n\u00fc\u015f\u2019 noktas\u0131 olarak dikkat \u00e7ekiyor. Ger\u00e7ek \u00fcretim s\u00fcre\u00e7lerinin bire bir ya\u015fand\u0131\u011f\u0131 Yetkinlik ve Dijital D\u00f6n\u00fc\u015f\u00fcm Merkezi\u2019nde sanayiciler, yal\u0131n \u00fcretimden otomasyona, dijitalle\u015fmeden veri analiti\u011fine kadar pek \u00e7ok alanda uygulamal\u0131 deneyim kazan\u0131yor. Model Fabrika, yaln\u0131zca i\u015fletmelerin s\u00fcre\u00e7lerini iyile\u015ftirmekle kalm\u0131yor, ayn\u0131 zamanda Denizli\u2019nin ekonomik dinamizmine de g\u00fc\u00e7l\u00fc bir ivme kazand\u0131rarak b\u00f6lge sanayisini gelece\u011fe ta\u015f\u0131yor&#8221; \u015feklinde konu\u015ftu.<br \/><\/p>\n","protected":false},"excerpt":{"rendered":"<p>Denizli sanayisinin rekabet g\u00fcc\u00fcn\u00fc ve verimlili\u011fini art\u0131rmay\u0131 hedefleyen Denizli Model Fabrika, 7 Ekim 2025 Sal\u0131 g\u00fcn\u00fc Sanayi ve Teknoloji Bakan\u0131 Mehmet Fatih Kac\u0131r taraf\u0131ndan hizmete a\u00e7\u0131lacak. Sanayi ve Teknoloji Bakan\u0131 Mehmet Fatih Kac\u0131r\u2019\u0131n te\u015frifleriyle, 7 Ekim 2025 Sal\u0131 g\u00fcn\u00fc ger\u00e7ekle\u015ftirilecek program kapsam\u0131nda Denizli Model Fabrika\u2019n\u0131n resmi a\u00e7\u0131l\u0131\u015f\u0131 yap\u0131lacak ve ayr\u0131ca Denizli Organize Sanayi B\u00f6lgesi At\u0131ksu&#8230;<\/p>\n","protected":false},"author":1,"featured_media":59321,"comment_status":"open","ping_status":"open","sticky":false,"template":"","format":"standard","meta":{"_crdt_document":"","footnotes":""},"categories":[125],"tags":[],"class_list":["post-59320","post","type-post","status-publish","format-standard","has-post-thumbnail","hentry","category-ekonomi"],"_links":{"self":[{"href":"https:\/\/www.egemtv.com\/index.php?rest_route=\/wp\/v2\/posts\/59320","targetHints":{"allow":["GET"]}}],"collection":[{"href":"https:\/\/www.egemtv.com\/index.php?rest_route=\/wp\/v2\/posts"}],"about":[{"href":"https:\/\/www.egemtv.com\/index.php?rest_route=\/wp\/v2\/types\/post"}],"author":[{"embeddable":true,"href":"https:\/\/www.egemtv.com\/index.php?rest_route=\/wp\/v2\/users\/1"}],"replies":[{"embeddable":true,"href":"https:\/\/www.egemtv.com\/index.php?rest_route=%2Fwp%2Fv2%2Fcomments&post=59320"}],"version-history":[{"count":1,"href":"https:\/\/www.egemtv.com\/index.php?rest_route=\/wp\/v2\/posts\/59320\/revisions"}],"predecessor-version":[{"id":59322,"href":"https:\/\/www.egemtv.com\/index.php?rest_route=\/wp\/v2\/posts\/59320\/revisions\/59322"}],"wp:featuredmedia":[{"embeddable":true,"href":"https:\/\/www.egemtv.com\/index.php?rest_route=\/wp\/v2\/media\/59321"}],"wp:attachment":[{"href":"https:\/\/www.egemtv.com\/index.php?rest_route=%2Fwp%2Fv2%2Fmedia&parent=59320"}],"wp:term":[{"taxonomy":"category","embeddable":true,"href":"https:\/\/www.egemtv.com\/index.php?rest_route=%2Fwp%2Fv2%2Fcategories&post=59320"},{"taxonomy":"post_tag","embeddable":true,"href":"https:\/\/www.egemtv.com\/index.php?rest_route=%2Fwp%2Fv2%2Ftags&post=59320"}],"curies":[{"name":"wp","href":"https:\/\/api.w.org\/{rel}","templated":true}]}}