{"id":59293,"date":"2025-10-04T13:15:32","date_gmt":"2025-10-04T10:15:32","guid":{"rendered":"https:\/\/www.egemtv.com\/?p=59293"},"modified":"2025-10-04T13:15:34","modified_gmt":"2025-10-04T10:15:34","slug":"iki-otomobil-kafa-kafaya-carpisti-1-olu-4-yarali","status":"publish","type":"post","link":"https:\/\/www.egemtv.com\/?p=59293","title":{"rendered":"\u0130ki otomobil kafa kafaya \u00e7arp\u0131\u015ft\u0131: 1 \u00f6l\u00fc, 4 yaral\u0131"},"content":{"rendered":"<p>Denizli (\u0130HA) \u2013Denizli\u2019nin Ac\u0131payam il\u00e7esinde gece saatlerinde iki otomobil kafa kafaya \u00e7arp\u0131\u015fmas\u0131 sonucu 1 ki\u015fi hayat\u0131n\u0131 kaybederken 4 ki\u015fi de yaraland\u0131.<\/p>\n<p>Kaza, Ac\u0131payam il\u00e7esi \u00c7ameli Karayolunun Aliveren Mevkiinde meydana geldi. Edinilen bilgilere g\u00f6re; Fuat Akman (53) idaresindeki 20 R 4382 plakal\u0131 otomobil seyir halindeyken kar\u015f\u0131 \u015feritten gelen 07 BYD 512 plakal\u0131 otomobil ile kafa kafaya \u00e7arp\u0131\u015ft\u0131. \u00c7arp\u0131\u015fman\u0131n sonucunda Fuat Akman idaresindeki otomobil takla atarak yan tarafta bulunan tarlaya u\u00e7tu. Di\u011fer otomobil ise kaza sonucunda kullan\u0131lamaz hale geldi. Kazay\u0131 g\u00f6ren \u00e7evredeki vatanda\u015flar\u0131n ihbar\u0131 \u00fczerine b\u00f6lgeye itfaiye, sa\u011fl\u0131k ve polis ekipleri sevk edildi.<\/p>\n<p>B\u00f6lgeye gelen itfaiye ekipleri ara\u00e7ta s\u0131k\u0131\u015fan vatanda\u015flar\u0131 kurtard\u0131. Sa\u011fl\u0131k ekiplerinin kontrollerinde Fuat Akman\u2019\u0131n olay yerinde hayat\u0131n\u0131 kaybetti\u011fini belirledi.  Ayn\u0131 zamanda 4 yaral\u0131y\u0131 olay yerinde ilk m\u00fcdahalelerin ard\u0131ndan ambulanslar ile en yak\u0131n hastaneye sevk etti. Yaral\u0131lar ambulanslarla hastaneye kald\u0131r\u0131l\u0131rken yol k\u0131sa s\u00fcreli\u011fine ula\u015f\u0131ma kapand\u0131.<\/p>\n<p>Hayat\u0131n\u0131 kaybeden otomobil s\u00fcr\u00fcc\u00fcs\u00fc Fuat Akman\u2019\u0131n emekli ve 2 \u00e7ocuk babas\u0131 oldu\u011fu \u00f6\u011frenildi. Kazan\u0131n ard\u0131ndan g\u00f6rg\u00fc tan\u0131klar\u0131 yolda acilen \u00f6nlem al\u0131nmas\u0131n\u0131 ve t\u0131rt\u0131l olu\u015fturulmas\u0131n\u0131 dile getirdi. Fuat Akman\u2019\u0131n cenazesinin bug\u00fcn \u00c7ameli K\u0131z\u0131lyaka Mahallesi\u2019nde \u00f6\u011fle namaz\u0131na m\u00fcteakip defnedilece\u011fi belirtildi.<br \/><\/p>\n","protected":false},"excerpt":{"rendered":"<p>Denizli (\u0130HA) \u2013Denizli\u2019nin Ac\u0131payam il\u00e7esinde gece saatlerinde iki otomobil kafa kafaya \u00e7arp\u0131\u015fmas\u0131 sonucu 1 ki\u015fi hayat\u0131n\u0131 kaybederken 4 ki\u015fi de yaraland\u0131. Kaza, Ac\u0131payam il\u00e7esi \u00c7ameli Karayolunun Aliveren Mevkiinde meydana geldi. Edinilen bilgilere g\u00f6re; Fuat Akman (53) idaresindeki 20 R 4382 plakal\u0131 otomobil seyir halindeyken kar\u015f\u0131 \u015feritten gelen 07 BYD 512 plakal\u0131 otomobil ile kafa kafaya&#8230;<\/p>\n","protected":false},"author":1,"featured_media":59294,"comment_status":"open","ping_status":"open","sticky":false,"template":"","format":"standard","meta":{"_crdt_document":"","footnotes":""},"categories":[5],"tags":[],"class_list":["post-59293","post","type-post","status-publish","format-standard","has-post-thumbnail","hentry","category-asayis"],"_links":{"self":[{"href":"https:\/\/www.egemtv.com\/index.php?rest_route=\/wp\/v2\/posts\/59293","targetHints":{"allow":["GET"]}}],"collection":[{"href":"https:\/\/www.egemtv.com\/index.php?rest_route=\/wp\/v2\/posts"}],"about":[{"href":"https:\/\/www.egemtv.com\/index.php?rest_route=\/wp\/v2\/types\/post"}],"author":[{"embeddable":true,"href":"https:\/\/www.egemtv.com\/index.php?rest_route=\/wp\/v2\/users\/1"}],"replies":[{"embeddable":true,"href":"https:\/\/www.egemtv.com\/index.php?rest_route=%2Fwp%2Fv2%2Fcomments&post=59293"}],"version-history":[{"count":1,"href":"https:\/\/www.egemtv.com\/index.php?rest_route=\/wp\/v2\/posts\/59293\/revisions"}],"predecessor-version":[{"id":59295,"href":"https:\/\/www.egemtv.com\/index.php?rest_route=\/wp\/v2\/posts\/59293\/revisions\/59295"}],"wp:featuredmedia":[{"embeddable":true,"href":"https:\/\/www.egemtv.com\/index.php?rest_route=\/wp\/v2\/media\/59294"}],"wp:attachment":[{"href":"https:\/\/www.egemtv.com\/index.php?rest_route=%2Fwp%2Fv2%2Fmedia&parent=59293"}],"wp:term":[{"taxonomy":"category","embeddable":true,"href":"https:\/\/www.egemtv.com\/index.php?rest_route=%2Fwp%2Fv2%2Fcategories&post=59293"},{"taxonomy":"post_tag","embeddable":true,"href":"https:\/\/www.egemtv.com\/index.php?rest_route=%2Fwp%2Fv2%2Ftags&post=59293"}],"curies":[{"name":"wp","href":"https:\/\/api.w.org\/{rel}","templated":true}]}}