{"id":59287,"date":"2025-10-04T13:15:17","date_gmt":"2025-10-04T10:15:17","guid":{"rendered":"https:\/\/www.egemtv.com\/?p=59287"},"modified":"2025-10-04T13:15:23","modified_gmt":"2025-10-04T10:15:23","slug":"koskte-bir-isyeri-kursunlandi","status":"publish","type":"post","link":"https:\/\/www.egemtv.com\/?p=59287","title":{"rendered":"K\u00f6\u015fk\u2019te bir i\u015fyeri kur\u015funland\u0131"},"content":{"rendered":"<p>Ayd\u0131n\u2019\u0131n K\u00f6\u015fk il\u00e7esinde bir m\u00fcteahhitlik firmas\u0131na ait i\u015f yeri, kimli\u011fi belirsiz ki\u015filer taraf\u0131ndan gece yar\u0131s\u0131 kur\u015funland\u0131.<br \/>\n<br \/>Olay, K\u00f6\u015fk il\u00e7esi \u00c7ar\u015f\u0131 Mahallesi Ulus Sokak\u2019ta meydana geldi. Edinilen bilgiye g\u00f6re gece saatlerinde silah sesleriyle uyanan \u00e7evre sakinleri durumu 112 Acil \u00c7a\u011fr\u0131 Merkezi\u2019ne bildirdi. \u0130hbar \u00fczerine b\u00f6lgeye polis ekipleri sevk edildi. K\u0131sa s\u00fcrede gelen \u0130l\u00e7e Emniyet M\u00fcd\u00fcrl\u00fc\u011f\u00fc ekipleri, mahallede bulunan bir m\u00fcteahhitlik firmas\u0131n\u0131n camlar\u0131n\u0131n kur\u015funland\u0131\u011f\u0131n\u0131 tespit etti. Olay yeri inceleme ekipleri, i\u015fyeri ve \u00e7evresinde detayl\u0131 inceleme ba\u015flatt\u0131. Olayda can kayb\u0131 ya\u015fanmazken, i\u015fyerinde maddi hasar olu\u015ftu\u011fu \u00f6\u011frenildi. Olayla ilgili inceleme ba\u015flat\u0131l\u0131rken, kimli\u011fi belirsiz ki\u015fi ya da ki\u015filerin tespit eedilmesine y\u00f6nelik de \u00e7al\u0131\u015fma ba\u015flat\u0131ld\u0131.<br \/><\/p>\n","protected":false},"excerpt":{"rendered":"<p>Ayd\u0131n\u2019\u0131n K\u00f6\u015fk il\u00e7esinde bir m\u00fcteahhitlik firmas\u0131na ait i\u015f yeri, kimli\u011fi belirsiz ki\u015filer taraf\u0131ndan gece yar\u0131s\u0131 kur\u015funland\u0131. Olay, K\u00f6\u015fk il\u00e7esi \u00c7ar\u015f\u0131 Mahallesi Ulus Sokak\u2019ta meydana geldi. Edinilen bilgiye g\u00f6re gece saatlerinde silah sesleriyle uyanan \u00e7evre sakinleri durumu 112 Acil \u00c7a\u011fr\u0131 Merkezi\u2019ne bildirdi. \u0130hbar \u00fczerine b\u00f6lgeye polis ekipleri sevk edildi. K\u0131sa s\u00fcrede gelen \u0130l\u00e7e Emniyet M\u00fcd\u00fcrl\u00fc\u011f\u00fc ekipleri,&#8230;<\/p>\n","protected":false},"author":1,"featured_media":59288,"comment_status":"open","ping_status":"open","sticky":false,"template":"","format":"standard","meta":{"_crdt_document":"","footnotes":""},"categories":[5],"tags":[],"class_list":["post-59287","post","type-post","status-publish","format-standard","has-post-thumbnail","hentry","category-asayis"],"_links":{"self":[{"href":"https:\/\/www.egemtv.com\/index.php?rest_route=\/wp\/v2\/posts\/59287","targetHints":{"allow":["GET"]}}],"collection":[{"href":"https:\/\/www.egemtv.com\/index.php?rest_route=\/wp\/v2\/posts"}],"about":[{"href":"https:\/\/www.egemtv.com\/index.php?rest_route=\/wp\/v2\/types\/post"}],"author":[{"embeddable":true,"href":"https:\/\/www.egemtv.com\/index.php?rest_route=\/wp\/v2\/users\/1"}],"replies":[{"embeddable":true,"href":"https:\/\/www.egemtv.com\/index.php?rest_route=%2Fwp%2Fv2%2Fcomments&post=59287"}],"version-history":[{"count":1,"href":"https:\/\/www.egemtv.com\/index.php?rest_route=\/wp\/v2\/posts\/59287\/revisions"}],"predecessor-version":[{"id":59289,"href":"https:\/\/www.egemtv.com\/index.php?rest_route=\/wp\/v2\/posts\/59287\/revisions\/59289"}],"wp:featuredmedia":[{"embeddable":true,"href":"https:\/\/www.egemtv.com\/index.php?rest_route=\/wp\/v2\/media\/59288"}],"wp:attachment":[{"href":"https:\/\/www.egemtv.com\/index.php?rest_route=%2Fwp%2Fv2%2Fmedia&parent=59287"}],"wp:term":[{"taxonomy":"category","embeddable":true,"href":"https:\/\/www.egemtv.com\/index.php?rest_route=%2Fwp%2Fv2%2Fcategories&post=59287"},{"taxonomy":"post_tag","embeddable":true,"href":"https:\/\/www.egemtv.com\/index.php?rest_route=%2Fwp%2Fv2%2Ftags&post=59287"}],"curies":[{"name":"wp","href":"https:\/\/api.w.org\/{rel}","templated":true}]}}