{"id":59278,"date":"2025-10-04T12:55:28","date_gmt":"2025-10-04T09:55:28","guid":{"rendered":"https:\/\/www.egemtv.com\/?p=59278"},"modified":"2025-10-04T12:55:35","modified_gmt":"2025-10-04T09:55:35","slug":"turgutluda-feci-kaza-1-olu-3-yarali","status":"publish","type":"post","link":"https:\/\/www.egemtv.com\/?p=59278","title":{"rendered":"Turgutlu\u2019da feci kaza: 1 \u00f6l\u00fc, 3 yaral\u0131"},"content":{"rendered":"<p>Manisa\u2019n\u0131n Turgutlu il\u00e7esinde t\u0131r ile otomobilin \u00e7arp\u0131\u015ft\u0131\u011f\u0131 kazada 1 ki\u015fi ya\u015fam\u0131n\u0131 yitirdi, 3 ki\u015fi ise yaraland\u0131.<br \/>\n<br \/>Kaza, Turgutlu il\u00e7esi \u0130zmir &#8211; Ankara karayolu \u00c7epnidere Kav\u015fa\u011f\u0131\u2019nda meydana geldi. Edinilen bilgiye g\u00f6re kav\u015faktan d\u00f6nen \u0130.D. idaresindeki 09 ASD 234 plakal\u0131 t\u0131r ile \u0130zmir y\u00f6n\u00fcnden Turgutlu istikametine giden \u0130.E. idaresindeki 45 ART 489 plakal\u0131 otomobil \u00e7arp\u0131\u015ft\u0131. \u00c7arp\u0131\u015fman\u0131n etkisiyle otomobilde bulunan yolcular ara\u00e7ta s\u0131k\u0131\u015ft\u0131.<br \/>\n<br \/>\u0130hbar \u00fczerine olay yerine sa\u011fl\u0131k, itfaiye ve polis ekipleri sevk edildi. \u0130tfaiye ekiplerinin \u00e7al\u0131\u015fmas\u0131yla t\u0131r s\u00fcr\u00fcc\u00fcs\u00fc \u0130.D. ile otomobilde s\u0131k\u0131\u015fan \u0130.E. ve \u00dc.E. yaral\u0131 olarak kurtar\u0131ld\u0131. Sa\u011fl\u0131k ekipleri, ayn\u0131 ara\u00e7ta bulunan Veysel Okkay \u2019\u0131n ise olay yerinde hayat\u0131n\u0131 kaybetti\u011fini belirledi.<br \/>\n<br \/>Hayat\u0131n\u0131 kaybeden Veysel Okkay\u2019\u0131n cenazesi Turgutlu Devlet Hastanesi morguna kald\u0131r\u0131l\u0131rken, yaral\u0131lar tedavi alt\u0131na al\u0131nd\u0131.<br \/>\n<br \/>Kazayla ilgili soru\u015fturma ba\u015flat\u0131ld\u0131.<br \/><\/p>\n","protected":false},"excerpt":{"rendered":"<p>Manisa\u2019n\u0131n Turgutlu il\u00e7esinde t\u0131r ile otomobilin \u00e7arp\u0131\u015ft\u0131\u011f\u0131 kazada 1 ki\u015fi ya\u015fam\u0131n\u0131 yitirdi, 3 ki\u015fi ise yaraland\u0131. Kaza, Turgutlu il\u00e7esi \u0130zmir &#8211; Ankara karayolu \u00c7epnidere Kav\u015fa\u011f\u0131\u2019nda meydana geldi. Edinilen bilgiye g\u00f6re kav\u015faktan d\u00f6nen \u0130.D. idaresindeki 09 ASD 234 plakal\u0131 t\u0131r ile \u0130zmir y\u00f6n\u00fcnden Turgutlu istikametine giden \u0130.E. idaresindeki 45 ART 489 plakal\u0131 otomobil \u00e7arp\u0131\u015ft\u0131. \u00c7arp\u0131\u015fman\u0131n etkisiyle&#8230;<\/p>\n","protected":false},"author":1,"featured_media":59279,"comment_status":"open","ping_status":"open","sticky":false,"template":"","format":"standard","meta":{"_crdt_document":"","footnotes":""},"categories":[5],"tags":[],"class_list":["post-59278","post","type-post","status-publish","format-standard","has-post-thumbnail","hentry","category-asayis"],"_links":{"self":[{"href":"https:\/\/www.egemtv.com\/index.php?rest_route=\/wp\/v2\/posts\/59278","targetHints":{"allow":["GET"]}}],"collection":[{"href":"https:\/\/www.egemtv.com\/index.php?rest_route=\/wp\/v2\/posts"}],"about":[{"href":"https:\/\/www.egemtv.com\/index.php?rest_route=\/wp\/v2\/types\/post"}],"author":[{"embeddable":true,"href":"https:\/\/www.egemtv.com\/index.php?rest_route=\/wp\/v2\/users\/1"}],"replies":[{"embeddable":true,"href":"https:\/\/www.egemtv.com\/index.php?rest_route=%2Fwp%2Fv2%2Fcomments&post=59278"}],"version-history":[{"count":1,"href":"https:\/\/www.egemtv.com\/index.php?rest_route=\/wp\/v2\/posts\/59278\/revisions"}],"predecessor-version":[{"id":59280,"href":"https:\/\/www.egemtv.com\/index.php?rest_route=\/wp\/v2\/posts\/59278\/revisions\/59280"}],"wp:featuredmedia":[{"embeddable":true,"href":"https:\/\/www.egemtv.com\/index.php?rest_route=\/wp\/v2\/media\/59279"}],"wp:attachment":[{"href":"https:\/\/www.egemtv.com\/index.php?rest_route=%2Fwp%2Fv2%2Fmedia&parent=59278"}],"wp:term":[{"taxonomy":"category","embeddable":true,"href":"https:\/\/www.egemtv.com\/index.php?rest_route=%2Fwp%2Fv2%2Fcategories&post=59278"},{"taxonomy":"post_tag","embeddable":true,"href":"https:\/\/www.egemtv.com\/index.php?rest_route=%2Fwp%2Fv2%2Ftags&post=59278"}],"curies":[{"name":"wp","href":"https:\/\/api.w.org\/{rel}","templated":true}]}}