{"id":59275,"date":"2025-10-04T12:55:23","date_gmt":"2025-10-04T09:55:23","guid":{"rendered":"https:\/\/www.egemtv.com\/?p=59275"},"modified":"2025-10-04T12:55:25","modified_gmt":"2025-10-04T09:55:25","slug":"gedizde-sehir-merkezindeki-umumi-tuvaletler-yenileniyor","status":"publish","type":"post","link":"https:\/\/www.egemtv.com\/?p=59275","title":{"rendered":"Gediz\u2019de \u015fehir merkezindeki umumi tuvaletler yenileniyor"},"content":{"rendered":"<p>Gediz Belediyesi, il\u00e7e genelindeki ya\u015fam alanlar\u0131nda ba\u015flatt\u0131\u011f\u0131 d\u00f6n\u00fc\u015f\u00fcm \u00e7al\u0131\u015fmalar\u0131na yenisini ekledi. Bu \u00e7er\u00e7evede, \u00e7ar\u015f\u0131 merkezinde \u00fccretsiz olarak halk\u0131n hizmetine sunulan umumi tuvaletler, k\u00f6kl\u00fc bir onar\u0131m ve yenileme \u00e7al\u0131\u015fmas\u0131yla daha modern ve hijyenik bir g\u00f6r\u00fcn\u00fcme kavu\u015fuyor.<br \/>\n<br \/>Daha \u00f6nce temizlikleri d\u00fczenli olarak belediye ekipleri taraf\u0131ndan ger\u00e7ekle\u015ftirilen tuvaletler, \u015fimdi onar\u0131m ve yenileme \u00e7al\u0131\u015fmalar\u0131yla ba\u015ftan a\u015fa\u011f\u0131 yenilenerek vatanda\u015f\u0131n hizmetine sunulacak. Projenin amac\u0131, il\u00e7enin her k\u00f6\u015fesinde ya\u015fam kalitesini art\u0131rmak ve hem\u015ferilerin rahat\u0131n\u0131 \u00f6n planda tutmak.<br \/>\n<br \/>Devam eden \u00e7al\u0131\u015fmalar\u0131 de\u011ferlendiren Gediz Belediye Ba\u015fkan\u0131 Necdet Akel, yap\u0131lan yat\u0131r\u0131m\u0131n korunmas\u0131 konusunda vatanda\u015flara \u00f6nemli uyar\u0131larda bulundu. Akel, &#8220;Sosyal belediyecilik anlay\u0131\u015f\u0131m\u0131zda, vatanda\u015f\u0131m\u0131z\u0131n hayat\u0131n\u0131 kolayla\u015ft\u0131ran her detay \u00f6nemlidir. Bu nedenle il\u00e7emizdeki t\u00fcm umumi tuvaletleri daha modern, konforlu ve hijyenik hale getiriyoruz. Biz, vatanda\u015f\u0131m\u0131z\u0131n sa\u011fl\u0131\u011f\u0131 ve rahat\u0131 i\u00e7in yat\u0131r\u0131m yap\u0131yoruz. Ancak ne yaz\u0131k ki baz\u0131 tuvaletlerimizde g\u00f6rd\u00fc\u011f\u00fcm\u00fcz kas\u0131tl\u0131 tahribat ve \u00f6zensiz kullan\u0131m kabul edilemez. Kap\u0131lar\u0131n arkas\u0131na yaz\u0131lan yaz\u0131lar, hatta kap\u0131lar\u0131n \u00e7akmakla yak\u0131lmas\u0131 gibi eylemler, kamu mal\u0131na verilen zarard\u0131r. Yenilenen tuvaletlerimizin temizli\u011fi belediyemizin sorumlulu\u011fundad\u0131r, ancak temiz ve d\u00fczg\u00fcn kullan\u0131lmas\u0131 t\u00fcm hem\u015ferilerimizin vatanda\u015fl\u0131k g\u00f6revidir. L\u00fctfen bu mekanlara sahip \u00e7\u0131kal\u0131m, zarar vermeyelim ve g\u00f6sterdi\u011fimiz hassasiyeti koruyarak bu hizmetin devaml\u0131l\u0131\u011f\u0131n\u0131 sa\u011flayal\u0131m. Bu de\u011fi\u015fimi hep birlikte ya\u015fayaca\u011f\u0131z ve koruyaca\u011f\u0131z&#8221; dedi.<br \/>\n<br \/>Yenileme \u00e7al\u0131\u015fmalar\u0131n\u0131n k\u0131sa s\u00fcrede tamamlanarak umumi tuvaletlerin vatanda\u015flar\u0131n hizmetine sunulmas\u0131 bekleniyor.<br \/><\/p>\n","protected":false},"excerpt":{"rendered":"<p>Gediz Belediyesi, il\u00e7e genelindeki ya\u015fam alanlar\u0131nda ba\u015flatt\u0131\u011f\u0131 d\u00f6n\u00fc\u015f\u00fcm \u00e7al\u0131\u015fmalar\u0131na yenisini ekledi. Bu \u00e7er\u00e7evede, \u00e7ar\u015f\u0131 merkezinde \u00fccretsiz olarak halk\u0131n hizmetine sunulan umumi tuvaletler, k\u00f6kl\u00fc bir onar\u0131m ve yenileme \u00e7al\u0131\u015fmas\u0131yla daha modern ve hijyenik bir g\u00f6r\u00fcn\u00fcme kavu\u015fuyor. Daha \u00f6nce temizlikleri d\u00fczenli olarak belediye ekipleri taraf\u0131ndan ger\u00e7ekle\u015ftirilen tuvaletler, \u015fimdi onar\u0131m ve yenileme \u00e7al\u0131\u015fmalar\u0131yla ba\u015ftan a\u015fa\u011f\u0131 yenilenerek vatanda\u015f\u0131n hizmetine&#8230;<\/p>\n","protected":false},"author":1,"featured_media":59276,"comment_status":"open","ping_status":"open","sticky":false,"template":"","format":"standard","meta":{"_crdt_document":"","footnotes":""},"categories":[123],"tags":[],"class_list":["post-59275","post","type-post","status-publish","format-standard","has-post-thumbnail","hentry","category-gundem"],"_links":{"self":[{"href":"https:\/\/www.egemtv.com\/index.php?rest_route=\/wp\/v2\/posts\/59275","targetHints":{"allow":["GET"]}}],"collection":[{"href":"https:\/\/www.egemtv.com\/index.php?rest_route=\/wp\/v2\/posts"}],"about":[{"href":"https:\/\/www.egemtv.com\/index.php?rest_route=\/wp\/v2\/types\/post"}],"author":[{"embeddable":true,"href":"https:\/\/www.egemtv.com\/index.php?rest_route=\/wp\/v2\/users\/1"}],"replies":[{"embeddable":true,"href":"https:\/\/www.egemtv.com\/index.php?rest_route=%2Fwp%2Fv2%2Fcomments&post=59275"}],"version-history":[{"count":1,"href":"https:\/\/www.egemtv.com\/index.php?rest_route=\/wp\/v2\/posts\/59275\/revisions"}],"predecessor-version":[{"id":59277,"href":"https:\/\/www.egemtv.com\/index.php?rest_route=\/wp\/v2\/posts\/59275\/revisions\/59277"}],"wp:featuredmedia":[{"embeddable":true,"href":"https:\/\/www.egemtv.com\/index.php?rest_route=\/wp\/v2\/media\/59276"}],"wp:attachment":[{"href":"https:\/\/www.egemtv.com\/index.php?rest_route=%2Fwp%2Fv2%2Fmedia&parent=59275"}],"wp:term":[{"taxonomy":"category","embeddable":true,"href":"https:\/\/www.egemtv.com\/index.php?rest_route=%2Fwp%2Fv2%2Fcategories&post=59275"},{"taxonomy":"post_tag","embeddable":true,"href":"https:\/\/www.egemtv.com\/index.php?rest_route=%2Fwp%2Fv2%2Ftags&post=59275"}],"curies":[{"name":"wp","href":"https:\/\/api.w.org\/{rel}","templated":true}]}}