{"id":59269,"date":"2025-10-04T12:54:58","date_gmt":"2025-10-04T09:54:58","guid":{"rendered":"https:\/\/www.egemtv.com\/?p=59269"},"modified":"2025-10-04T12:55:00","modified_gmt":"2025-10-04T09:55:00","slug":"koycegizli-guresci-ayse-eygi-milli-takim-kampinda","status":"publish","type":"post","link":"https:\/\/www.egemtv.com\/?p=59269","title":{"rendered":"K\u00f6yce\u011fizli g\u00fcre\u015f\u00e7i Ay\u015fe Eygi Milli Tak\u0131m kamp\u0131nda"},"content":{"rendered":"<p>Mu\u011fla\u2019n\u0131n K\u00f6yce\u011fiz il\u00e7esinde yeti\u015fen g\u00fcre\u015f sporcusu Ay\u015fe Eygi U15 Balkan \u015eampiyonas\u0131na kat\u0131lacak olup, \u015fampiyona \u00f6ncesi son haz\u0131rl\u0131klar\u0131n\u0131 Yalova\u2019daki Milli Tak\u0131m Kamp\u0131\u2019nda s\u00fcrd\u00fcr\u00fcyor. Gen\u00e7lik ve Spor Bakanl\u0131\u011f\u0131 Spor Okullar\u0131 K\u00f6yce\u011fiz\u2019den yeti\u015fen sporcu Eygi, 06-09 Ekim tarihleri aras\u0131nda Romanya\u2019n\u0131n Cluj kentinde d\u00fczenlenecek U15 Balkan \u015eampiyonas\u0131\u2019nda 46 kiloda milli mayoyla mindere \u00e7\u0131kacak ve \u00fclkemizi temsil edecek. K\u00f6yce\u011fiz Kaymakaml\u0131\u011f\u0131 sosyal medya hesab\u0131ndan yap\u0131lan a\u00e7\u0131klamada; &#8220;Romanya\u2019da 6-9 Ekim tarihlerinde d\u00fczenlenecek olan U 15 Kad\u0131nlar G\u00fcre\u015f Balkan \u015eampiyonas\u0131nda \u00dclkemizi temsil edecek olan K\u00f6yce\u011fiz Anadolu Lisesi \u00f6\u011frencimiz Milli G\u00fcre\u015f\u00e7imiz Ay\u015fe Eygi\u2019ye Balkan \u015eampiyonas\u0131\u2019nda ba\u015far\u0131lar diler, \u00fclkemizi ve il\u00e7emizi en iyi \u015fekilde temsil ederek \u015fampiyonlukla d\u00f6nece\u011fine olan inanc\u0131m\u0131z\u0131 dile getiririz.&#8221; ifadeleri kullan\u0131ld\u0131. Antren\u00f6r Elis Y\u0131ld\u0131z\u2019da destek olan herkese te\u015fekk\u00fcr ederek, Ay\u015fe Eygi\u2019ye Balkan \u015eampiyonas\u0131\u2019nda ba\u015far\u0131lar diledi.<br \/><\/p>\n","protected":false},"excerpt":{"rendered":"<p>Mu\u011fla\u2019n\u0131n K\u00f6yce\u011fiz il\u00e7esinde yeti\u015fen g\u00fcre\u015f sporcusu Ay\u015fe Eygi U15 Balkan \u015eampiyonas\u0131na kat\u0131lacak olup, \u015fampiyona \u00f6ncesi son haz\u0131rl\u0131klar\u0131n\u0131 Yalova\u2019daki Milli Tak\u0131m Kamp\u0131\u2019nda s\u00fcrd\u00fcr\u00fcyor. Gen\u00e7lik ve Spor Bakanl\u0131\u011f\u0131 Spor Okullar\u0131 K\u00f6yce\u011fiz\u2019den yeti\u015fen sporcu Eygi, 06-09 Ekim tarihleri aras\u0131nda Romanya\u2019n\u0131n Cluj kentinde d\u00fczenlenecek U15 Balkan \u015eampiyonas\u0131\u2019nda 46 kiloda milli mayoyla mindere \u00e7\u0131kacak ve \u00fclkemizi temsil edecek. K\u00f6yce\u011fiz Kaymakaml\u0131\u011f\u0131&#8230;<\/p>\n","protected":false},"author":1,"featured_media":59270,"comment_status":"open","ping_status":"open","sticky":false,"template":"","format":"standard","meta":{"_crdt_document":"","footnotes":""},"categories":[4],"tags":[],"class_list":["post-59269","post","type-post","status-publish","format-standard","has-post-thumbnail","hentry","category-spor"],"_links":{"self":[{"href":"https:\/\/www.egemtv.com\/index.php?rest_route=\/wp\/v2\/posts\/59269","targetHints":{"allow":["GET"]}}],"collection":[{"href":"https:\/\/www.egemtv.com\/index.php?rest_route=\/wp\/v2\/posts"}],"about":[{"href":"https:\/\/www.egemtv.com\/index.php?rest_route=\/wp\/v2\/types\/post"}],"author":[{"embeddable":true,"href":"https:\/\/www.egemtv.com\/index.php?rest_route=\/wp\/v2\/users\/1"}],"replies":[{"embeddable":true,"href":"https:\/\/www.egemtv.com\/index.php?rest_route=%2Fwp%2Fv2%2Fcomments&post=59269"}],"version-history":[{"count":1,"href":"https:\/\/www.egemtv.com\/index.php?rest_route=\/wp\/v2\/posts\/59269\/revisions"}],"predecessor-version":[{"id":59271,"href":"https:\/\/www.egemtv.com\/index.php?rest_route=\/wp\/v2\/posts\/59269\/revisions\/59271"}],"wp:featuredmedia":[{"embeddable":true,"href":"https:\/\/www.egemtv.com\/index.php?rest_route=\/wp\/v2\/media\/59270"}],"wp:attachment":[{"href":"https:\/\/www.egemtv.com\/index.php?rest_route=%2Fwp%2Fv2%2Fmedia&parent=59269"}],"wp:term":[{"taxonomy":"category","embeddable":true,"href":"https:\/\/www.egemtv.com\/index.php?rest_route=%2Fwp%2Fv2%2Fcategories&post=59269"},{"taxonomy":"post_tag","embeddable":true,"href":"https:\/\/www.egemtv.com\/index.php?rest_route=%2Fwp%2Fv2%2Ftags&post=59269"}],"curies":[{"name":"wp","href":"https:\/\/api.w.org\/{rel}","templated":true}]}}