{"id":59266,"date":"2025-10-04T12:35:01","date_gmt":"2025-10-04T09:35:01","guid":{"rendered":"https:\/\/www.egemtv.com\/?p=59266"},"modified":"2025-10-04T12:35:10","modified_gmt":"2025-10-04T09:35:10","slug":"mentese-ve-cadir-lunga-arasinda-iyi-niyet-mektubu-imzalandi","status":"publish","type":"post","link":"https:\/\/www.egemtv.com\/?p=59266","title":{"rendered":"Mente\u015fe ve \u00c7ad\u0131r Lunga aras\u0131nda iyi niyet mektubu imzaland\u0131"},"content":{"rendered":"<p>Mu\u011fla B\u00fcy\u00fck\u015fehir Belediyesi ve Mente\u015fe Belediyesi i\u015fbirli\u011finde ger\u00e7ekle\u015ftirilen 32. Mu\u011fla K\u00fclt\u00fcr ve Sanat \u015eenli\u011fi kapsam\u0131nda, Mente\u015fe Belediyesi ile Moldova Cumhuriyeti \u00c7ad\u0131r-Lunga Belediyesi aras\u0131nda &#8220;\u0130yi Niyet Mektubu&#8221; imza t\u00f6reni ger\u00e7ekle\u015ftirildi.<br \/>\n<br \/>Gazi Mustafa Kemal Atat\u00fcrk K\u00fclt\u00fcr Merkezi\u2019nde d\u00fczenlenen imza t\u00f6reninde konu\u015fan \u00c7ad\u0131r-Lunga Belediye Ba\u015fkan\u0131 Anatoli Topal, &#8220;Burada oldu\u011fumuz i\u00e7in \u00e7ok mutluyuz. Bu imza karde\u015flik ba\u011f\u0131m\u0131z\u0131 daha da g\u00fc\u00e7lendirecek. 8 Kas\u0131m\u2019daki festivalimize hepinizi davet ediyorum&#8221; dedi.<br \/>\n<br \/>Mente\u015fe Belediye Ba\u015fkan\u0131 Gonca K\u00f6ksal Aras, \u00c7ad\u0131r-Lunga Belediyesi ile imzalanan iyi niyet mektubunun hem belediyeler hem de halklar aras\u0131nda k\u00fclt\u00fcrel, sosyal, ekonomik ve teknolojik a\u00e7\u0131dan kal\u0131c\u0131 ba\u011flar kuraca\u011f\u0131n\u0131 dile getirdi. Ba\u015fkan K\u00f6ksal Aras \u015f\u00f6yle konu\u015ftu:<br \/>\n<br \/>&#8220;Bug\u00fcn, Mu\u011fla\u2019n\u0131n kalbi Mente\u015fe\u2019mizde, Uluslararas\u0131 32. Mu\u011fla K\u00fclt\u00fcr ve Sanat \u015eenli\u011fi\u2019mizin \u00f6nemli bir an\u0131na \u015fahitlik ediyoruz. Moldova Cumhuriyeti\u2019nin g\u00fczide kenti \u00c7ad\u0131r-Lunga ile karde\u015f kent ili\u015fkisi kurulmas\u0131na ili\u015fkin iyi niyet mektubunu imzalamak \u00fczere bir araday\u0131z.<br \/>\n<br \/>Uluslararas\u0131 i\u015f birlikleri ve vizyoner projeler, kentimizin gelece\u011fi i\u00e7in b\u00fcy\u00fck \u00f6nem ta\u015f\u0131yor. Ge\u00e7ti\u011fimiz aylarda Almanya\u2019n\u0131n Sindelfingen Belediyesi ile kent diplomasisi alan\u0131nda \u00f6nemli bir i\u015f birli\u011fi protokol\u00fc imzalam\u0131\u015ft\u0131k. Sindelfingen Belediyesi ile ortak projeler geli\u015ftiren ve kar\u015f\u0131l\u0131kl\u0131 \u00f6\u011frenmeye a\u00e7\u0131k, \u00e7a\u011fda\u015f bir yerel y\u00f6netim olarak ba\u011f\u0131m\u0131z\u0131 b\u00fcy\u00fctmeye devam ediyoruz.<br \/>\n<br \/>Bu iyi niyet mektubunu; iki halk aras\u0131ndaki ortak de\u011ferleri desteklemek, kar\u015f\u0131l\u0131kl\u0131 ba\u011flar\u0131 kuvvetlendirmek; ekonomi, ticaret, k\u00fclt\u00fcr, e\u011fitim, turizm, spor ve kentsel geli\u015fim gibi alanlarda bilgi ve deneyim payla\u015farak i\u015f birli\u011fi yapmak amac\u0131yla imza at\u0131yoruz.&#8221;<br \/>\n<br \/>Ba\u015fkan K\u00f6ksal Aras, &#8220;\u0130ki kentin tarihi aras\u0131nda bir dostluk k\u00f6pr\u00fcs\u00fc kuruyoruz&#8221;<br \/>\n<br \/>\u00c7ad\u0131r-Lunga\u2019n\u0131n Mente\u015fe gibi zengin bir k\u00fclt\u00fcrel mirasa sahip oldu\u011funa dikkati \u00e7eken Ba\u015fkan K\u00f6ksal Aras s\u00f6zlerini \u015f\u00f6yle s\u00fcrd\u00fcrd\u00fc:<br \/>\n<br \/>&#8220;\u00c7ad\u0131r-Lunga, St. Dimitrie Kilisesi, hamamlar\u0131 ve etnografya m\u00fczesi ile ya\u015fayan bir tarihe sahip. T\u0131pk\u0131 Mente\u015fe\u2019miz gibi. Mente\u015fe\u2019mizde ise y\u00fczy\u0131llard\u0131r ayakta duran Arasta b\u00f6lgemiz, Karaba\u011flar Yaylam\u0131z, Saburhane\u2019miz, ge\u00e7mi\u015fle bug\u00fcn\u00fc bulu\u015fturan e\u015fsiz de\u011ferlerimiz var. Bug\u00fcn bu imzayla, iki kentin tarihi aras\u0131nda bir dostluk k\u00f6pr\u00fcs\u00fc kuruyoruz. Mente\u015fe ile \u00c7ad\u0131r-Lunga aras\u0131ndaki bu yeni karde\u015flik, her iki kentin de k\u00fclt\u00fcrel ve ekonomik ufkunu geni\u015fletecek, gelece\u011fe umutla bakmam\u0131z\u0131 sa\u011flayacakt\u0131r. Bu anlaml\u0131 g\u00fcnde bizlerle birlikte oldu\u011funuz i\u00e7in hepinize te\u015fekk\u00fcr ediyorum. \u0130ki \u015fehir aras\u0131ndaki dostlu\u011fun daim olmas\u0131n\u0131 diliyorum.&#8221;<br \/>\n<br \/>T\u00f6rende konu\u015fan Mu\u011fla B\u00fcy\u00fck\u015fehir Belediye Ba\u015fkan\u0131 Ahmet Aras ise \u015funlar\u0131 s\u00f6yledi: &#8220;Bug\u00fcn \u00e7ok \u00f6nemli bir birliktelik olu\u015fturuluyor. Bundan sonra daha somut projelerle birlikte iki kentte de karde\u015fli\u011fin izlerini ta\u015f\u0131yaca\u011f\u0131z. B\u00fcy\u00fck\u015fehir Belediye Ba\u015fkan\u0131 olarak ben de bu dostlu\u011fa gereken deste\u011fi her zaman verece\u011fim&#8221;<br \/>\n<br \/>Konu\u015fmalar\u0131n ard\u0131ndan Mu\u011fla B\u00fcy\u00fck\u015fehir Konservatuvar\u0131 Halk Danslar\u0131 ve \u00c7ad\u0131r-Lunga Belediyesi Dans Toplulu\u011fu ekipleri taraf\u0131ndan dans g\u00f6sterileri sahnelendi. G\u00f6sterilerin ard\u0131ndan Mente\u015fe Belediyesi ve \u00c7ad\u0131r-Lunga Belediyesi aras\u0131ndaki &#8220;\u0130yi Niyet Mektubu&#8221;, Mente\u015fe Belediye Ba\u015fkan\u0131 Gonca K\u00f6ksal Aras ve \u00c7ad\u0131r-Lunga Belediye Ba\u015fkan\u0131 Anatoli Topal taraf\u0131ndan imzaland\u0131. \u0130mza T\u00f6renin ard\u0131ndan Mente\u015fe Belediye Ba\u015fkan\u0131 Gonca K\u00f6ksal Aras, \u00c7ad\u0131r-Lunga Belediye Ba\u015fkan\u0131 Anatoli Topal\u2019a g\u00fcn\u00fcn an\u0131s\u0131na kristal baca ve \u00e7i\u00e7ek takdim etti.<br \/><\/p>\n","protected":false},"excerpt":{"rendered":"<p>Mu\u011fla B\u00fcy\u00fck\u015fehir Belediyesi ve Mente\u015fe Belediyesi i\u015fbirli\u011finde ger\u00e7ekle\u015ftirilen 32. Mu\u011fla K\u00fclt\u00fcr ve Sanat \u015eenli\u011fi kapsam\u0131nda, Mente\u015fe Belediyesi ile Moldova Cumhuriyeti \u00c7ad\u0131r-Lunga Belediyesi aras\u0131nda &#8220;\u0130yi Niyet Mektubu&#8221; imza t\u00f6reni ger\u00e7ekle\u015ftirildi. Gazi Mustafa Kemal Atat\u00fcrk K\u00fclt\u00fcr Merkezi\u2019nde d\u00fczenlenen imza t\u00f6reninde konu\u015fan \u00c7ad\u0131r-Lunga Belediye Ba\u015fkan\u0131 Anatoli Topal, &#8220;Burada oldu\u011fumuz i\u00e7in \u00e7ok mutluyuz. Bu imza karde\u015flik ba\u011f\u0131m\u0131z\u0131 daha da&#8230;<\/p>\n","protected":false},"author":1,"featured_media":59267,"comment_status":"open","ping_status":"open","sticky":false,"template":"","format":"standard","meta":{"_crdt_document":"","footnotes":""},"categories":[1],"tags":[],"class_list":["post-59266","post","type-post","status-publish","format-standard","has-post-thumbnail","hentry","category-guncel"],"_links":{"self":[{"href":"https:\/\/www.egemtv.com\/index.php?rest_route=\/wp\/v2\/posts\/59266","targetHints":{"allow":["GET"]}}],"collection":[{"href":"https:\/\/www.egemtv.com\/index.php?rest_route=\/wp\/v2\/posts"}],"about":[{"href":"https:\/\/www.egemtv.com\/index.php?rest_route=\/wp\/v2\/types\/post"}],"author":[{"embeddable":true,"href":"https:\/\/www.egemtv.com\/index.php?rest_route=\/wp\/v2\/users\/1"}],"replies":[{"embeddable":true,"href":"https:\/\/www.egemtv.com\/index.php?rest_route=%2Fwp%2Fv2%2Fcomments&post=59266"}],"version-history":[{"count":1,"href":"https:\/\/www.egemtv.com\/index.php?rest_route=\/wp\/v2\/posts\/59266\/revisions"}],"predecessor-version":[{"id":59268,"href":"https:\/\/www.egemtv.com\/index.php?rest_route=\/wp\/v2\/posts\/59266\/revisions\/59268"}],"wp:featuredmedia":[{"embeddable":true,"href":"https:\/\/www.egemtv.com\/index.php?rest_route=\/wp\/v2\/media\/59267"}],"wp:attachment":[{"href":"https:\/\/www.egemtv.com\/index.php?rest_route=%2Fwp%2Fv2%2Fmedia&parent=59266"}],"wp:term":[{"taxonomy":"category","embeddable":true,"href":"https:\/\/www.egemtv.com\/index.php?rest_route=%2Fwp%2Fv2%2Fcategories&post=59266"},{"taxonomy":"post_tag","embeddable":true,"href":"https:\/\/www.egemtv.com\/index.php?rest_route=%2Fwp%2Fv2%2Ftags&post=59266"}],"curies":[{"name":"wp","href":"https:\/\/api.w.org\/{rel}","templated":true}]}}