{"id":59263,"date":"2025-10-04T12:34:57","date_gmt":"2025-10-04T09:34:57","guid":{"rendered":"https:\/\/www.egemtv.com\/?p=59263"},"modified":"2025-10-04T12:34:59","modified_gmt":"2025-10-04T09:34:59","slug":"dunya-sampiyonu-aysegule-yuvasinda-coskulu-karsilama","status":"publish","type":"post","link":"https:\/\/www.egemtv.com\/?p=59263","title":{"rendered":"D\u00fcnya \u015fampiyonu Ay\u015feg\u00fcl\u2019e yuvas\u0131nda co\u015fkulu kar\u015f\u0131lama"},"content":{"rendered":"<p>DEN\u0130ZL\u0130 (\u0130HA) \u2013 D\u00fcnya Gen\u00e7 K\u0131zlar Dart \u015eampiyonas\u0131nda D\u00fcnya \u015eampiyonu olan Denizli Ay\u015feg\u00fcl Karag\u00f6z, okulunda arkada\u015flar\u0131 taraf\u0131ndan co\u015fkuyla kar\u015f\u0131land\u0131.<\/p>\n<p>G\u00fcney Kore\u2019de d\u00fczenlenen D\u00fcnya Gen\u00e7 K\u0131zlar Dart \u015eampiyonas\u0131nda D\u00fcnya \u015eampiyonu olan Denizli Necla-Ergun Abal\u0131o\u011flu Ticaret Mesleki ve Teknik Anadolu Lisesi \u00d6\u011frencisi Ay\u015feg\u00fcl Karag\u00f6z okuluna geldi\u011fi ilk g\u00fcn D\u00fcnya \u015eampiyonuna yak\u0131\u015f\u0131r bir \u015fekilde kar\u015f\u0131land\u0131.<\/p>\n<p>Hen\u00fcz 15 ya\u015f\u0131nda ikinci kez Milli Tak\u0131mda m\u00fccadele eden Ay\u015feg\u00fcl Karag\u00f6z t\u00fcm ma\u00e7lar\u0131n\u0131 kazanarak D\u00fcnya \u015eampiyonu olmu\u015ftu. Yakla\u015f\u0131k iki ay \u00f6nce Hollanda\u2019da d\u00fczenlenen Avrupa \u015eampiyonas\u0131nda bireysel kategoride Avrupa \u00fc\u00e7\u00fcnc\u00fcs\u00fc de olan Ay\u015feg\u00fcl, ayn\u0131 zamanda Gen\u00e7 K\u0131zlar Tak\u0131m Dart \u015eampiyonas\u0131nda ise Avrupa \u015eampiyonu olmu\u015ftu.<br \/><\/p>\n","protected":false},"excerpt":{"rendered":"<p>DEN\u0130ZL\u0130 (\u0130HA) \u2013 D\u00fcnya Gen\u00e7 K\u0131zlar Dart \u015eampiyonas\u0131nda D\u00fcnya \u015eampiyonu olan Denizli Ay\u015feg\u00fcl Karag\u00f6z, okulunda arkada\u015flar\u0131 taraf\u0131ndan co\u015fkuyla kar\u015f\u0131land\u0131. G\u00fcney Kore\u2019de d\u00fczenlenen D\u00fcnya Gen\u00e7 K\u0131zlar Dart \u015eampiyonas\u0131nda D\u00fcnya \u015eampiyonu olan Denizli Necla-Ergun Abal\u0131o\u011flu Ticaret Mesleki ve Teknik Anadolu Lisesi \u00d6\u011frencisi Ay\u015feg\u00fcl Karag\u00f6z okuluna geldi\u011fi ilk g\u00fcn D\u00fcnya \u015eampiyonuna yak\u0131\u015f\u0131r bir \u015fekilde kar\u015f\u0131land\u0131. Hen\u00fcz 15 ya\u015f\u0131nda&#8230;<\/p>\n","protected":false},"author":1,"featured_media":59264,"comment_status":"open","ping_status":"open","sticky":false,"template":"","format":"standard","meta":{"_crdt_document":"","footnotes":""},"categories":[4],"tags":[],"class_list":["post-59263","post","type-post","status-publish","format-standard","has-post-thumbnail","hentry","category-spor"],"_links":{"self":[{"href":"https:\/\/www.egemtv.com\/index.php?rest_route=\/wp\/v2\/posts\/59263","targetHints":{"allow":["GET"]}}],"collection":[{"href":"https:\/\/www.egemtv.com\/index.php?rest_route=\/wp\/v2\/posts"}],"about":[{"href":"https:\/\/www.egemtv.com\/index.php?rest_route=\/wp\/v2\/types\/post"}],"author":[{"embeddable":true,"href":"https:\/\/www.egemtv.com\/index.php?rest_route=\/wp\/v2\/users\/1"}],"replies":[{"embeddable":true,"href":"https:\/\/www.egemtv.com\/index.php?rest_route=%2Fwp%2Fv2%2Fcomments&post=59263"}],"version-history":[{"count":1,"href":"https:\/\/www.egemtv.com\/index.php?rest_route=\/wp\/v2\/posts\/59263\/revisions"}],"predecessor-version":[{"id":59265,"href":"https:\/\/www.egemtv.com\/index.php?rest_route=\/wp\/v2\/posts\/59263\/revisions\/59265"}],"wp:featuredmedia":[{"embeddable":true,"href":"https:\/\/www.egemtv.com\/index.php?rest_route=\/wp\/v2\/media\/59264"}],"wp:attachment":[{"href":"https:\/\/www.egemtv.com\/index.php?rest_route=%2Fwp%2Fv2%2Fmedia&parent=59263"}],"wp:term":[{"taxonomy":"category","embeddable":true,"href":"https:\/\/www.egemtv.com\/index.php?rest_route=%2Fwp%2Fv2%2Fcategories&post=59263"},{"taxonomy":"post_tag","embeddable":true,"href":"https:\/\/www.egemtv.com\/index.php?rest_route=%2Fwp%2Fv2%2Ftags&post=59263"}],"curies":[{"name":"wp","href":"https:\/\/api.w.org\/{rel}","templated":true}]}}