{"id":59260,"date":"2025-10-04T12:34:54","date_gmt":"2025-10-04T09:34:54","guid":{"rendered":"https:\/\/www.egemtv.com\/?p=59260"},"modified":"2025-10-04T12:34:55","modified_gmt":"2025-10-04T09:34:55","slug":"bodrumda-yari-maraton-heyecani-yarin-baslayacak","status":"publish","type":"post","link":"https:\/\/www.egemtv.com\/?p=59260","title":{"rendered":"Bodrum\u2019da yar\u0131 maraton heyecan\u0131 yar\u0131n ba\u015flayacak"},"content":{"rendered":"<p>Bodrum Yar\u0131 Maratonu, yar\u0131n 24 \u00fclkeden 2 bin 150 sporcunun kat\u0131l\u0131m\u0131yla ger\u00e7ekle\u015fecek. Ko\u015fucular, 21K, 10K ve 5K parkurlar\u0131nda dereceye girmek i\u00e7in k\u0131yas\u0131ya m\u00fccadele edecek.<br \/>\n<br \/>Bodrum Yar\u0131 Maratonu, bu y\u0131l 8. kez ko\u015fulacak. Yar\u0131n Bodrum Belediye Meydan\u0131\u2019ndan start alacak yar\u0131\u015fta T\u00fcrkiye\u2019nin yan\u0131 s\u0131ra Hollanda, Birle\u015fik Krall\u0131k, \u0130sve\u00e7, ABD, Rusya, G\u00fcney Kore, Almanya, Kanada, \u0130svi\u00e7re, \u00c7in, \u0130ran, Avusturya, \u0130rlanda, Japonya, KKTC, G\u00fcney Afrika, Yeni Zelanda, Kazakistan, Brezilya, Polonya, Belarus ve Zimbabve\u2019den 2 bin 150 sporcu 21K, 10K ve 5K parkurlar\u0131nda genel klasmanda dereceye girmek i\u00e7in m\u00fccadele edecek.<br \/>\n<br \/>Bodrum Yar\u0131 Maratonu \u00f6ncesi Mint Organizasyon Kurucusu Engin \u00c7etinay bas\u0131n mensuplar\u0131na a\u00e7\u0131klamalarda bulundu. \u00c7etinay, &#8220;Bu sene Bodrum Yar\u0131 Maratonu\u2019nun 8. y\u0131l\u0131. 24 \u00fclkeden 2 bin 150 sporcu yar\u0131\u015facak. Kendi ya\u015fad\u0131\u011f\u0131m b\u00f6lgede, co\u011frafyada b\u00f6yle bir etkinlik organize etti\u011fim i\u00e7in ve bu durum Bodrum\u2019a katk\u0131 sa\u011flad\u0131\u011f\u0131 i\u00e7in mutluyuz&#8221; ifadelerini kulland\u0131.<\/p>\n<p>&#8220;Kendim ne bulmak istersem onu yerine getirmek istiyorum&#8221;<br \/>\n<br \/>Engin \u00c7etinay, her sene kay\u0131tlarda art\u0131\u015f ya\u015fand\u0131\u011f\u0131na dikkat \u00e7ekerek, &#8220;Hep \u015funu s\u00f6yl\u00fcyorum, \u2018Ben kendim ko\u015fmay\u0131 hayal etti\u011fim yar\u0131\u015f\u0131 organize etmeye \u00e7al\u0131\u015f\u0131yorum\u2019. Kendim ne bulmak istersem onu yerine getirmek istiyorum. Bence en b\u00fcy\u00fck etkilerinden bir tanesi bu. Bodrum marka de\u011feri inan\u0131lmaz y\u00fcksek bir yer. Ekim ay\u0131, sar\u0131 yaz\u0131n ba\u015flang\u0131c\u0131. Gelinebilecek en g\u00fczel d\u00f6nem. Ko\u015fu camias\u0131n\u0131n, ko\u015fu gruplar\u0131n\u0131n takviminde sezonu kapatt\u0131klar\u0131 yer oldu Bodrum. Bu sebeple 8 y\u0131ld\u0131r ko\u015fan ki\u015filer var. O y\u00fczden bence etkisini kaybetmiyor&#8221; \u015feklinde konu\u015ftu.<\/p>\n<p>&#8220;Parkurda 8 m\u00fczik noktas\u0131 olacak&#8221;<br \/>\n<br \/>Bu sene parkurda uygulanacak yeniliklerden de bahseden \u00c7etinay, &#8220;En b\u00fcy\u00fck yenili\u011fimiz parkurda 8 m\u00fczik noktas\u0131 olacak. 3-4 tane noktam\u0131z vard\u0131. Maalesef \u00fclkemizde parkur i\u00e7erisinde e\u011flence ve m\u00fczik noktalar\u0131 \u00e7ok az. En fazla hedefimiz bu noktalar\u0131 art\u0131rarak zaten yar\u0131\u015f i\u00e7inde bir festival sunuyoruz. Yar\u0131\u015f\u0131n ve ko\u015funun i\u00e7inde de bir festival ortam\u0131 olu\u015fturmaya \u00e7al\u0131\u015f\u0131yoruz&#8221; c\u00fcmlelerine yer verdi.<\/p>\n<p>&#8220;T\u00fcrkiye\u2019de Bodrum Yar\u0131 Maratonu\u2019nu bilmeyen yok&#8221;<br \/>\n<br \/>Engin \u00c7etinay, Bodrum Yar\u0131 Maratonu\u2019nun gelece\u011fine dair hayallerinden de s\u00f6z ederek, &#8220;Biz bu yar\u0131\u015f\u0131 T\u00fcrkiye \u015fartlar\u0131nda bir noktaya getirdik. \u015eimdi Bodrum\u2019daki kurumlar\u0131n, buradaki Otelciler Birli\u011fi\u2019nin, T\u00fcrkiye Turizm Tan\u0131t\u0131m ve Geli\u015ftirme Ajans\u0131\u2019n\u0131n (TGA) art\u0131k devreye girmesi gerekiyor ki bunu yurtd\u0131\u015f\u0131 fuarlar\u0131nda tan\u0131tmalar\u0131 gerekiyor. T\u00fcrkiye\u2019de, Bodrum Yar\u0131 Maratonu\u2019nu bilmeyen yok. Bunu yurt d\u0131\u015f\u0131na ta\u015f\u0131yarak ve tan\u0131t\u0131mlar\u0131na yer vererek yaln\u0131zca yaz\u0131n deniz &#8211; kum &#8211; g\u00fcne\u015f de\u011fil, ayn\u0131 zamanda spor i\u00e7in de gelinebilece\u011fini g\u00f6stermek gerekiyor. B\u00f6yle muhakkak art\u0131\u015f olur&#8221; dedi.<br \/>\n<br \/>Son olarak kat\u0131l\u0131m say\u0131lar\u0131 hakk\u0131nda da bilgiler veren \u00c7etinay, &#8220;Bu y\u0131l Bodrum\u2019dan kay\u0131tl\u0131 80 ki\u015fi var. Yani bak\u0131nca t\u00fcm kat\u0131l\u0131mc\u0131 d\u0131\u015far\u0131dan geliyor. Ko\u015fu camias\u0131n\u0131n y\u00fczde 70\u2019ini \u0130stanbul kar\u015f\u0131l\u0131yor; \u0130stanbul, \u0130zmir ve Ankara. En fazla ko\u015fucunun bulu\u015ftu\u011fu yer. Y\u00fczde 60, y\u00fczde 70 yabanc\u0131 sporcular\u0131m\u0131z var. Mutluyuz&#8221; diye konu\u015ftu.<br \/><\/p>\n","protected":false},"excerpt":{"rendered":"<p>Bodrum Yar\u0131 Maratonu, yar\u0131n 24 \u00fclkeden 2 bin 150 sporcunun kat\u0131l\u0131m\u0131yla ger\u00e7ekle\u015fecek. Ko\u015fucular, 21K, 10K ve 5K parkurlar\u0131nda dereceye girmek i\u00e7in k\u0131yas\u0131ya m\u00fccadele edecek. Bodrum Yar\u0131 Maratonu, bu y\u0131l 8. kez ko\u015fulacak. Yar\u0131n Bodrum Belediye Meydan\u0131\u2019ndan start alacak yar\u0131\u015fta T\u00fcrkiye\u2019nin yan\u0131 s\u0131ra Hollanda, Birle\u015fik Krall\u0131k, \u0130sve\u00e7, ABD, Rusya, G\u00fcney Kore, Almanya, Kanada, \u0130svi\u00e7re, \u00c7in, \u0130ran,&#8230;<\/p>\n","protected":false},"author":1,"featured_media":59261,"comment_status":"open","ping_status":"open","sticky":false,"template":"","format":"standard","meta":{"_crdt_document":"","footnotes":""},"categories":[4],"tags":[],"class_list":["post-59260","post","type-post","status-publish","format-standard","has-post-thumbnail","hentry","category-spor"],"_links":{"self":[{"href":"https:\/\/www.egemtv.com\/index.php?rest_route=\/wp\/v2\/posts\/59260","targetHints":{"allow":["GET"]}}],"collection":[{"href":"https:\/\/www.egemtv.com\/index.php?rest_route=\/wp\/v2\/posts"}],"about":[{"href":"https:\/\/www.egemtv.com\/index.php?rest_route=\/wp\/v2\/types\/post"}],"author":[{"embeddable":true,"href":"https:\/\/www.egemtv.com\/index.php?rest_route=\/wp\/v2\/users\/1"}],"replies":[{"embeddable":true,"href":"https:\/\/www.egemtv.com\/index.php?rest_route=%2Fwp%2Fv2%2Fcomments&post=59260"}],"version-history":[{"count":1,"href":"https:\/\/www.egemtv.com\/index.php?rest_route=\/wp\/v2\/posts\/59260\/revisions"}],"predecessor-version":[{"id":59262,"href":"https:\/\/www.egemtv.com\/index.php?rest_route=\/wp\/v2\/posts\/59260\/revisions\/59262"}],"wp:featuredmedia":[{"embeddable":true,"href":"https:\/\/www.egemtv.com\/index.php?rest_route=\/wp\/v2\/media\/59261"}],"wp:attachment":[{"href":"https:\/\/www.egemtv.com\/index.php?rest_route=%2Fwp%2Fv2%2Fmedia&parent=59260"}],"wp:term":[{"taxonomy":"category","embeddable":true,"href":"https:\/\/www.egemtv.com\/index.php?rest_route=%2Fwp%2Fv2%2Fcategories&post=59260"},{"taxonomy":"post_tag","embeddable":true,"href":"https:\/\/www.egemtv.com\/index.php?rest_route=%2Fwp%2Fv2%2Ftags&post=59260"}],"curies":[{"name":"wp","href":"https:\/\/api.w.org\/{rel}","templated":true}]}}