{"id":59257,"date":"2025-10-04T12:16:23","date_gmt":"2025-10-04T09:16:23","guid":{"rendered":"https:\/\/www.egemtv.com\/?p=59257"},"modified":"2025-10-04T12:16:33","modified_gmt":"2025-10-04T09:16:33","slug":"yesil-bodrum-mandalini-turkiyenin-dort-bir-yanina-ulasiyor","status":"publish","type":"post","link":"https:\/\/www.egemtv.com\/?p=59257","title":{"rendered":"Ye\u015fil Bodrum Mandalini T\u00fcrkiye\u2019nin d\u00f6rt bir yan\u0131na ula\u015f\u0131yor"},"content":{"rendered":"<p>Bodrum Belediyesi, il\u00e7e genelindeki \u00fcreticilerden Ye\u015fil Bodrum Mandalini al\u0131mlar\u0131na devam ediyor.<br \/>\n<br \/>Tar\u0131msal Hizmetler M\u00fcd\u00fcrl\u00fc\u011f\u00fc, co\u011frafi i\u015faretli, kendine has kokusu ve aromas\u0131yla \u00f6ne \u00e7\u0131kan Bodrum Mandalini\u2019nin erken hasad\u0131yla \u00fcreticiye katk\u0131 sa\u011flamak amac\u0131yla ba\u015flatt\u0131\u011f\u0131 \u00e7al\u0131\u015fmalar\u0131 s\u00fcrd\u00fcr\u00fcyor. Bodrum Mandalini\u2019nin geni\u015f kitlelere ula\u015ft\u0131r\u0131lmas\u0131, bilinirli\u011finin art\u0131r\u0131lmas\u0131 ve s\u00fcrd\u00fcr\u00fclebilir hale gelmesi amac\u0131yla y\u00fcr\u00fct\u00fclen \u00e7al\u0131\u015fmalar kapsam\u0131nda, bu hafta il\u00e7e genelindeki 15 \u00fcreticiden toplam 7 bin 600 kilogram Ye\u015fil Bodrum Mandalini al\u0131m\u0131 ger\u00e7ekle\u015ftirildi. Al\u0131nan mandalinan\u0131n 7 bin 100 kilogram\u0131 Mersin\u2019de bulunan bir g\u0131da firmas\u0131na, 500 kilogram\u0131 ise Denizli\u2019de bulunan bir g\u0131da firmas\u0131na g\u00f6nderildi.<\/p>\n<p>Tar\u0131msal Hizmetler M\u00fcd\u00fcrl\u00fc\u011f\u00fc\u2019n\u00fcn y\u00fcr\u00fctt\u00fc\u011f\u00fc \u00e7al\u0131\u015fmalar do\u011frultusunda, toplam 12 bin kilogram Ye\u015fil Bodrum Mandalini al\u0131m\u0131 yap\u0131ld\u0131. Bu al\u0131m\u0131n yakla\u015f\u0131k 2 bin kilogram\u0131, \u0130stanbul\u2019da men\u00fclerinde Bodrum Mandalini\u2019ne yer veren restoranlara g\u00f6nderildi. Bodrum Belediyesi Tar\u0131msal Hizmetler M\u00fcd\u00fcrl\u00fc\u011f\u00fc, Bodrum Mandalini\u2019nin hak etti\u011fi de\u011feri bulmas\u0131 i\u00e7in ba\u015flatt\u0131\u011f\u0131 \u00e7al\u0131\u015fmalar\u0131n\u0131 farkl\u0131 projelerle s\u00fcrd\u00fcrecek. Ayr\u0131ca, Ye\u015fil Bodrum Mandalini\u2019nin il\u00e7e genelindeki t\u00fcm belediye kafe ve restoranlar\u0131nda, 350 graml\u0131k \u015fale ambalajlarda perakende sat\u0131\u015f\u0131 da devam ediyor. Tonajl\u0131 al\u0131mlar i\u00e7in Bodrum Belediye G\u0131da A.\u015e. ile irtibata ge\u00e7ilebilir.<br \/><\/p>\n","protected":false},"excerpt":{"rendered":"<p>Bodrum Belediyesi, il\u00e7e genelindeki \u00fcreticilerden Ye\u015fil Bodrum Mandalini al\u0131mlar\u0131na devam ediyor. Tar\u0131msal Hizmetler M\u00fcd\u00fcrl\u00fc\u011f\u00fc, co\u011frafi i\u015faretli, kendine has kokusu ve aromas\u0131yla \u00f6ne \u00e7\u0131kan Bodrum Mandalini\u2019nin erken hasad\u0131yla \u00fcreticiye katk\u0131 sa\u011flamak amac\u0131yla ba\u015flatt\u0131\u011f\u0131 \u00e7al\u0131\u015fmalar\u0131 s\u00fcrd\u00fcr\u00fcyor. Bodrum Mandalini\u2019nin geni\u015f kitlelere ula\u015ft\u0131r\u0131lmas\u0131, bilinirli\u011finin art\u0131r\u0131lmas\u0131 ve s\u00fcrd\u00fcr\u00fclebilir hale gelmesi amac\u0131yla y\u00fcr\u00fct\u00fclen \u00e7al\u0131\u015fmalar kapsam\u0131nda, bu hafta il\u00e7e genelindeki 15 \u00fcreticiden&#8230;<\/p>\n","protected":false},"author":1,"featured_media":59258,"comment_status":"open","ping_status":"open","sticky":false,"template":"","format":"standard","meta":{"_crdt_document":"","footnotes":""},"categories":[125],"tags":[],"class_list":["post-59257","post","type-post","status-publish","format-standard","has-post-thumbnail","hentry","category-ekonomi"],"_links":{"self":[{"href":"https:\/\/www.egemtv.com\/index.php?rest_route=\/wp\/v2\/posts\/59257","targetHints":{"allow":["GET"]}}],"collection":[{"href":"https:\/\/www.egemtv.com\/index.php?rest_route=\/wp\/v2\/posts"}],"about":[{"href":"https:\/\/www.egemtv.com\/index.php?rest_route=\/wp\/v2\/types\/post"}],"author":[{"embeddable":true,"href":"https:\/\/www.egemtv.com\/index.php?rest_route=\/wp\/v2\/users\/1"}],"replies":[{"embeddable":true,"href":"https:\/\/www.egemtv.com\/index.php?rest_route=%2Fwp%2Fv2%2Fcomments&post=59257"}],"version-history":[{"count":1,"href":"https:\/\/www.egemtv.com\/index.php?rest_route=\/wp\/v2\/posts\/59257\/revisions"}],"predecessor-version":[{"id":59259,"href":"https:\/\/www.egemtv.com\/index.php?rest_route=\/wp\/v2\/posts\/59257\/revisions\/59259"}],"wp:featuredmedia":[{"embeddable":true,"href":"https:\/\/www.egemtv.com\/index.php?rest_route=\/wp\/v2\/media\/59258"}],"wp:attachment":[{"href":"https:\/\/www.egemtv.com\/index.php?rest_route=%2Fwp%2Fv2%2Fmedia&parent=59257"}],"wp:term":[{"taxonomy":"category","embeddable":true,"href":"https:\/\/www.egemtv.com\/index.php?rest_route=%2Fwp%2Fv2%2Fcategories&post=59257"},{"taxonomy":"post_tag","embeddable":true,"href":"https:\/\/www.egemtv.com\/index.php?rest_route=%2Fwp%2Fv2%2Ftags&post=59257"}],"curies":[{"name":"wp","href":"https:\/\/api.w.org\/{rel}","templated":true}]}}