{"id":59254,"date":"2025-10-04T12:16:05","date_gmt":"2025-10-04T09:16:05","guid":{"rendered":"https:\/\/www.egemtv.com\/?p=59254"},"modified":"2025-10-04T12:16:14","modified_gmt":"2025-10-04T09:16:14","slug":"yaklasik-48-yil-hapis-cezasiyla-aranan-sahis-yakalandi","status":"publish","type":"post","link":"https:\/\/www.egemtv.com\/?p=59254","title":{"rendered":"Yakla\u015f\u0131k 48 y\u0131l hapis cezas\u0131yla aranan \u015fah\u0131s yakaland\u0131"},"content":{"rendered":"<p>Afyonkarahisar\u2019da 47 y\u0131l 11 ay 25 g\u00fcn hapis cezas\u0131yla aranan \u015fah\u0131s g\u00fcvenlik g\u00fc\u00e7leri taraf\u0131ndan yakaland\u0131.<br \/>\n<br \/>Edinilen bilgilere g\u00f6re, \u0130l Jandarma Komutanl\u0131\u011f\u0131nca, aranan \u015fah\u0131slar\u0131n tespiti ve yakalanmas\u0131na y\u00f6nelik \u00e7al\u0131\u015fma yap\u0131ld\u0131. Yap\u0131lan incelemelerde bir \u015fahs\u0131n birden fazla ki\u015fi taraf\u0131ndan birlikte ya\u011fma su\u00e7undan 47 y\u0131l 11 ay 25 g\u00fcn hapis cezas\u0131yla arand\u0131\u011f\u0131 tespit edildi. Ard\u0131ndan \u015fahs\u0131n pe\u015fine d\u00fc\u015fen ekipler \u015f\u00fcpheliyi kent merkezi Esenetepe Mahallesinde yakalayarak g\u00f6zalt\u0131na ald\u0131. \u015eah\u0131s i\u015flemlerinin ard\u0131ndan sevk edildi\u011fi mahkeme taraf\u0131ndan tutuklanarak cezaevine g\u00f6nderildi.<br \/><\/p>\n","protected":false},"excerpt":{"rendered":"<p>Afyonkarahisar\u2019da 47 y\u0131l 11 ay 25 g\u00fcn hapis cezas\u0131yla aranan \u015fah\u0131s g\u00fcvenlik g\u00fc\u00e7leri taraf\u0131ndan yakaland\u0131. Edinilen bilgilere g\u00f6re, \u0130l Jandarma Komutanl\u0131\u011f\u0131nca, aranan \u015fah\u0131slar\u0131n tespiti ve yakalanmas\u0131na y\u00f6nelik \u00e7al\u0131\u015fma yap\u0131ld\u0131. Yap\u0131lan incelemelerde bir \u015fahs\u0131n birden fazla ki\u015fi taraf\u0131ndan birlikte ya\u011fma su\u00e7undan 47 y\u0131l 11 ay 25 g\u00fcn hapis cezas\u0131yla arand\u0131\u011f\u0131 tespit edildi. Ard\u0131ndan \u015fahs\u0131n pe\u015fine d\u00fc\u015fen&#8230;<\/p>\n","protected":false},"author":1,"featured_media":59255,"comment_status":"open","ping_status":"open","sticky":false,"template":"","format":"standard","meta":{"_crdt_document":"","footnotes":""},"categories":[5],"tags":[],"class_list":["post-59254","post","type-post","status-publish","format-standard","has-post-thumbnail","hentry","category-asayis"],"_links":{"self":[{"href":"https:\/\/www.egemtv.com\/index.php?rest_route=\/wp\/v2\/posts\/59254","targetHints":{"allow":["GET"]}}],"collection":[{"href":"https:\/\/www.egemtv.com\/index.php?rest_route=\/wp\/v2\/posts"}],"about":[{"href":"https:\/\/www.egemtv.com\/index.php?rest_route=\/wp\/v2\/types\/post"}],"author":[{"embeddable":true,"href":"https:\/\/www.egemtv.com\/index.php?rest_route=\/wp\/v2\/users\/1"}],"replies":[{"embeddable":true,"href":"https:\/\/www.egemtv.com\/index.php?rest_route=%2Fwp%2Fv2%2Fcomments&post=59254"}],"version-history":[{"count":1,"href":"https:\/\/www.egemtv.com\/index.php?rest_route=\/wp\/v2\/posts\/59254\/revisions"}],"predecessor-version":[{"id":59256,"href":"https:\/\/www.egemtv.com\/index.php?rest_route=\/wp\/v2\/posts\/59254\/revisions\/59256"}],"wp:featuredmedia":[{"embeddable":true,"href":"https:\/\/www.egemtv.com\/index.php?rest_route=\/wp\/v2\/media\/59255"}],"wp:attachment":[{"href":"https:\/\/www.egemtv.com\/index.php?rest_route=%2Fwp%2Fv2%2Fmedia&parent=59254"}],"wp:term":[{"taxonomy":"category","embeddable":true,"href":"https:\/\/www.egemtv.com\/index.php?rest_route=%2Fwp%2Fv2%2Fcategories&post=59254"},{"taxonomy":"post_tag","embeddable":true,"href":"https:\/\/www.egemtv.com\/index.php?rest_route=%2Fwp%2Fv2%2Ftags&post=59254"}],"curies":[{"name":"wp","href":"https:\/\/api.w.org\/{rel}","templated":true}]}}