{"id":59251,"date":"2025-10-04T12:15:51","date_gmt":"2025-10-04T09:15:51","guid":{"rendered":"https:\/\/www.egemtv.com\/?p=59251"},"modified":"2025-10-04T12:15:58","modified_gmt":"2025-10-04T09:15:58","slug":"aydinda-ogrencilerin-icini-isitacak-isbirligi","status":"publish","type":"post","link":"https:\/\/www.egemtv.com\/?p=59251","title":{"rendered":"Ayd\u0131n\u2019da \u00f6\u011frencilerin i\u00e7ini \u0131s\u0131tacak i\u015fbirli\u011fi"},"content":{"rendered":"<p>Ayd\u0131n B\u00fcy\u00fck\u015fehir Belediyesi\u2019nin katk\u0131lar\u0131yla, her hafta Sal\u0131 g\u00fcn\u00fc kamp\u00fcs i\u00e7erisinde \u00fcniversite \u00f6\u011frencilerine \u00fccretsiz \u00e7orba ikram\u0131 yap\u0131lacak.<br \/>\n<br \/>Ayd\u0131n Adnan Menderes \u00dcniversitesi (AD\u00dc), \u00f6\u011frencilerin g\u00fcne s\u0131cak bir ba\u015flang\u0131\u00e7 yapmalar\u0131 i\u00e7in anlaml\u0131 bir uygulamay\u0131 hayata ge\u00e7iriyor. Ayd\u0131n B\u00fcy\u00fck\u015fehir Belediyesi\u2019nin katk\u0131lar\u0131yla, her hafta Sal\u0131 g\u00fcn\u00fc saat 08.45\u2019ten itibaren Ayd\u0131n Menderes Derslikleri kar\u015f\u0131s\u0131nda \u00f6\u011frencilere s\u0131cak \u00e7orba ikram\u0131nda bulunulacak. \u00dcniversite y\u00f6netimi, uygulaman\u0131n hem \u00f6\u011frencilerin sabah derslerine daha enerjik ba\u015flamalar\u0131na hem de dayan\u0131\u015fma k\u00fclt\u00fcr\u00fcn\u00fcn peki\u015fmesine katk\u0131 sa\u011flayaca\u011f\u0131n\u0131 belirtti. Konu ile ilgili Ayd\u0131n Adnan Menderes \u00dcniversitesi\u2019nden yap\u0131lan a\u00e7\u0131klamada &#8220;Ayd\u0131n B\u00fcy\u00fck\u015fehir Belediyesi\u2019nin katk\u0131lar\u0131yla, her hafta sal\u0131 g\u00fcn\u00fc saat 08.45\u2019ten itibaren Ayd\u0131n Menderes Derslikleri kar\u015f\u0131s\u0131nda \u00f6\u011frencilerimize \u00e7orba ikram\u0131 yap\u0131lacakt\u0131r. T\u00fcm \u00f6\u011frencilerimiz davetlidir&#8221; ifadeleri yer ald\u0131.<br \/><\/p>\n","protected":false},"excerpt":{"rendered":"<p>Ayd\u0131n B\u00fcy\u00fck\u015fehir Belediyesi\u2019nin katk\u0131lar\u0131yla, her hafta Sal\u0131 g\u00fcn\u00fc kamp\u00fcs i\u00e7erisinde \u00fcniversite \u00f6\u011frencilerine \u00fccretsiz \u00e7orba ikram\u0131 yap\u0131lacak. Ayd\u0131n Adnan Menderes \u00dcniversitesi (AD\u00dc), \u00f6\u011frencilerin g\u00fcne s\u0131cak bir ba\u015flang\u0131\u00e7 yapmalar\u0131 i\u00e7in anlaml\u0131 bir uygulamay\u0131 hayata ge\u00e7iriyor. Ayd\u0131n B\u00fcy\u00fck\u015fehir Belediyesi\u2019nin katk\u0131lar\u0131yla, her hafta Sal\u0131 g\u00fcn\u00fc saat 08.45\u2019ten itibaren Ayd\u0131n Menderes Derslikleri kar\u015f\u0131s\u0131nda \u00f6\u011frencilere s\u0131cak \u00e7orba ikram\u0131nda bulunulacak. \u00dcniversite y\u00f6netimi,&#8230;<\/p>\n","protected":false},"author":1,"featured_media":59252,"comment_status":"open","ping_status":"open","sticky":false,"template":"","format":"standard","meta":{"_crdt_document":"","footnotes":""},"categories":[1],"tags":[],"class_list":["post-59251","post","type-post","status-publish","format-standard","has-post-thumbnail","hentry","category-guncel"],"_links":{"self":[{"href":"https:\/\/www.egemtv.com\/index.php?rest_route=\/wp\/v2\/posts\/59251","targetHints":{"allow":["GET"]}}],"collection":[{"href":"https:\/\/www.egemtv.com\/index.php?rest_route=\/wp\/v2\/posts"}],"about":[{"href":"https:\/\/www.egemtv.com\/index.php?rest_route=\/wp\/v2\/types\/post"}],"author":[{"embeddable":true,"href":"https:\/\/www.egemtv.com\/index.php?rest_route=\/wp\/v2\/users\/1"}],"replies":[{"embeddable":true,"href":"https:\/\/www.egemtv.com\/index.php?rest_route=%2Fwp%2Fv2%2Fcomments&post=59251"}],"version-history":[{"count":1,"href":"https:\/\/www.egemtv.com\/index.php?rest_route=\/wp\/v2\/posts\/59251\/revisions"}],"predecessor-version":[{"id":59253,"href":"https:\/\/www.egemtv.com\/index.php?rest_route=\/wp\/v2\/posts\/59251\/revisions\/59253"}],"wp:featuredmedia":[{"embeddable":true,"href":"https:\/\/www.egemtv.com\/index.php?rest_route=\/wp\/v2\/media\/59252"}],"wp:attachment":[{"href":"https:\/\/www.egemtv.com\/index.php?rest_route=%2Fwp%2Fv2%2Fmedia&parent=59251"}],"wp:term":[{"taxonomy":"category","embeddable":true,"href":"https:\/\/www.egemtv.com\/index.php?rest_route=%2Fwp%2Fv2%2Fcategories&post=59251"},{"taxonomy":"post_tag","embeddable":true,"href":"https:\/\/www.egemtv.com\/index.php?rest_route=%2Fwp%2Fv2%2Ftags&post=59251"}],"curies":[{"name":"wp","href":"https:\/\/api.w.org\/{rel}","templated":true}]}}