{"id":59248,"date":"2025-10-04T12:15:45","date_gmt":"2025-10-04T09:15:45","guid":{"rendered":"https:\/\/www.egemtv.com\/?p=59248"},"modified":"2025-10-04T12:15:47","modified_gmt":"2025-10-04T09:15:47","slug":"sakin-sehir-cameli-icin-turizm-yol-haritasi-belirlendi","status":"publish","type":"post","link":"https:\/\/www.egemtv.com\/?p=59248","title":{"rendered":"Sakin \u015eehir \u00c7ameli i\u00e7in turizm yol haritas\u0131 belirlendi"},"content":{"rendered":"<p>30 Eyl\u00fcl 2025 tarihinde Hayri Dev K\u00fclt\u00fcr Merkezi\u2019nde, \u00c7ameli Meslek Y\u00fcksekokulu ev sahipli\u011finde d\u00fczenlenen \u2018Sakin \u015eehir \u00c7ameli Turizm Yol Haritas\u0131 \u00c7al\u0131\u015ftay\u0131\u2019 yo\u011fun kat\u0131l\u0131mla ger\u00e7ekle\u015ftirildi.<\/p>\n<p>Sayg\u0131 duru\u015fu ve \u0130stiklal Mar\u015f\u0131\u2019n\u0131n okunmas\u0131yla ba\u015flayan program, \u0130l K\u00fclt\u00fcr ve Turizm M\u00fcd\u00fcr\u00fc H\u00fcdaverdi Otakl\u0131, \u00c7ameli Belediye Ba\u015fkan\u0131 Cengiz Arslan ve Pamukkale \u00dcniversitesi Rekt\u00f6r\u00fc  Prof. Dr. Mahmud G\u00fcng\u00f6r\u2019\u00fcn a\u00e7\u0131l\u0131\u015f konu\u015fmalar\u0131yla devam etti. Konu\u015fmalarda, \u00c7ameli\u2019nin d\u00fcnyan\u0131n 307. &#8220;Cittaslow&#8221; (Sakin \u015eehir) unvan\u0131n\u0131 almas\u0131n\u0131n \u00f6nemi vurgulanarak, il\u00e7enin do\u011fal g\u00fczellikleri, ekoturizm potansiyeli, do\u011fa sporlar\u0131na uygun alanlar\u0131, do\u011fayla i\u00e7 i\u00e7e aile restoranlar\u0131 ve konaklama tesisleri gibi \u00f6ne \u00e7\u0131kan y\u00f6nleri dile getirildi.<\/p>\n<p>Program\u0131n ilk oturumunda, Pamukkale \u00dcniversitesi Turizm Fak\u00fcltesi Dekan\u0131 Prof. Dr. Serkan Bertan taraf\u0131ndan Denizli genelinde ve \u00c7ameli \u00f6zelinde turizm verilerini i\u00e7eren kapsaml\u0131 bir sunum yap\u0131ld\u0131. Belediye Ba\u015fkan\u0131 Cengiz Arslan taraf\u0131ndan Pamukkale \u00dcniversitesi Rekt\u00f6r\u00fc Mahmud G\u00fcng\u00f6r\u2019e vermi\u015f oldu\u011fu desteklerden dolay\u0131 Te\u015fekk\u00fcr Belgesi Takdim edildi ve Rekt\u00f6r\u00fcn nezdinde k\u0131ymetli akademisyenlere de te\u015fekk\u00fcr etti.<br \/>\n<br \/>&#8220;\u00c7ameli Meslek Y\u00fcksekokulu\u2019nda \u00f6\u011frenci say\u0131s\u0131n\u0131n artmas\u0131 ve gelecekte turizmle ilgili yeni b\u00f6l\u00fcmlerin a\u00e7\u0131lmas\u0131 y\u00f6n\u00fcnde \u00e7al\u0131\u015fmalar\u0131m\u0131z olacak.&#8221;<\/p>\n<p>Pamukkale \u00dcniversitesi Rekt\u00f6r\u00fc Prof. Dr. Mahmud G\u00fcng\u00f6r yapt\u0131\u011f\u0131 konu\u015fmada, &#8220;\u00c7ameli, do\u011fas\u0131, k\u00fclt\u00fcrel zenginli\u011fi ve son d\u00f6nemde kazand\u0131\u011f\u0131 Sakin \u015eehir unvan\u0131yla Denizli\u2019nin parlayan de\u011ferlerinden biridir. Y\u0131llard\u0131r yak\u0131ndan takip etti\u011fim ve bir\u00e7ok kez ziyaret etti\u011fim bu g\u00fczel il\u00e7enin geldi\u011fi noktadan gurur duyuyorum. Yap\u0131lan yat\u0131r\u0131mlar ve projeler, il\u00e7eyi sadece tar\u0131mda de\u011fil, turizmde de \u00f6n plana \u00e7\u0131kar\u0131yor. Ta\u015f Konaklar gibi projelerle turizm altyap\u0131s\u0131 g\u00fc\u00e7lendirilmi\u015f, yaylac\u0131l\u0131k ve gastronomi gibi alanlarda ciddi potansiyel olu\u015fmu\u015ftur. Bu geli\u015fmelerin artarak devam edece\u011fine inan\u0131yorum. \u00dcniversite olarak biz de \u00fczerimize d\u00fc\u015feni yapaca\u011f\u0131z. \u00d6zellikle \u00c7ameli Meslek Y\u00fcksekokulu\u2019nda \u00f6\u011frenci say\u0131s\u0131n\u0131n artmas\u0131 ve gelecekte turizmle ilgili yeni b\u00f6l\u00fcmlerin a\u00e7\u0131lmas\u0131 y\u00f6n\u00fcnde \u00e7al\u0131\u015fmalar\u0131m\u0131z olacak. \u0130l\u00e7edeki \u00f6\u011frencilere sahip \u00e7\u0131kmak da hepimizin g\u00f6revi. \u00c7ameli halk\u0131n\u0131n misafirperverli\u011fine g\u00fcvenimiz tam. Yaylac\u0131l\u0131kta da \u00c7ameli\u2019nin T\u00fcrkiye\u2019nin \u00f6nc\u00fc yerlerinden biri haline geldi\u011fini g\u00f6r\u00fcyoruz. Bu nedenle il\u00e7eye olan ilginin her ge\u00e7en g\u00fcn artt\u0131\u011f\u0131n\u0131 s\u00f6yleyebilirim. \u00dcniversite olarak akademik ve sosyal katk\u0131lar\u0131m\u0131z s\u00fcrecek. Bu \u00e7al\u0131\u015ftay\u0131n da \u00c7ameli\u2019nin turizm gelece\u011fine \u0131\u015f\u0131k tutaca\u011f\u0131na inan\u0131yor, eme\u011fi ge\u00e7en herkese te\u015fekk\u00fcr ediyorum&#8221; dedi.<\/p>\n<p>&#8220;\u00c7ameli\u2019nin \u2018En \u0130yi Turizm K\u00f6y\u00fc\u2019 yar\u0131\u015fmas\u0131na ba\u015fvuru yap\u0131lmas\u0131 i\u00e7in haz\u0131rl\u0131klar ba\u015flad\u0131&#8221;<br \/>\n<br \/>Program\u0131n devam\u0131nda Pamukkale \u00dcniversitesi Turizm Fak\u00fcltesi Dekan\u0131 Prof. Dr. Serkan Bertan, \u00e7al\u0131\u015ftay i\u00e7in yapt\u0131\u011f\u0131 bilgilendirme konu\u015fmas\u0131nda, il\u00e7e turizminin geli\u015fmesi i\u00e7in somut, \u00f6l\u00e7\u00fclebilir hedefler konulmas\u0131 gerekti\u011fini vurgulad\u0131. Prof. Dr. Bertan, 2024 y\u0131l\u0131 verilerine g\u00f6re Denizli\u2019ye 2 milyon 49 bin turistin geldi\u011fini, ancak sadece %32\u2019sinin konaklad\u0131\u011f\u0131n\u0131 belirtti. \u00c7ameli\u2019de ise bu y\u0131l 1.139 ki\u015finin konaklad\u0131\u011f\u0131n\u0131, bunlar\u0131n b\u00fcy\u00fck k\u0131sm\u0131n\u0131n yerli turistlerden olu\u015ftu\u011funu ifade etti. \u0130l\u00e7ede ortalama kal\u0131\u015f s\u00fcresinin 2 gece oldu\u011funa dikkat \u00e7eken Bertan, bu s\u00fcrenin T\u00fcrkiye ortalamas\u0131n\u0131n \u00fczerinde oldu\u011funu ve il\u00e7enin potansiyelini g\u00f6sterdi\u011fini dile getirdi. 2026 y\u0131l\u0131 i\u00e7in konulan hedeflerden biri de il\u00e7eye en az 16 bin 500 turist \u00e7ekmek ve ortalama konaklama s\u00fcresini 3 geceye \u00e7\u0131karmak. Bertan, bu hedefin altyap\u0131, insan kayna\u011f\u0131, dijitalle\u015fme ve k\u00fclt\u00fcrel de\u011ferlerin tan\u0131t\u0131m\u0131yla desteklenmesi gerekti\u011fini vurgulad\u0131.<\/p>\n<p>Prof. Dr. Bertan ayr\u0131ca, \u00c7ameli\u2019nin &#8220;Sakin \u015eehir (Cittaslow)&#8221; unvan\u0131n\u0131n, uluslararas\u0131 tan\u0131t\u0131mda \u00e7ok \u00f6nemli bir rol oynayaca\u011f\u0131n\u0131 belirterek, bu \u00e7er\u00e7evede &#8220;En \u0130yi Turizm K\u00f6y\u00fc&#8221; yar\u0131\u015fmas\u0131na ba\u015fvuru yap\u0131lmas\u0131 i\u00e7in haz\u0131rl\u0131klar\u0131n ba\u015flad\u0131\u011f\u0131n\u0131 a\u00e7\u0131klad\u0131. Elmal\u0131 Mahallesi i\u00e7in yery\u00fcz\u00fc pazar\u0131 ve gastronomi turizmi gibi projeler \u00fczerinde \u00e7al\u0131\u015f\u0131ld\u0131\u011f\u0131n\u0131 s\u00f6yledi. Kat\u0131l\u0131mc\u0131lara seslenen Bertan, \u00e7al\u0131\u015ftayda m\u00fcnazara \u00f6nerilerin soyut temennilerden ziyade, uygulanabilir ve \u00f6l\u00e7\u00fclebilir olmas\u0131na \u00f6zen g\u00f6sterilmesini istedi. &#8220;Tan\u0131t\u0131m yap\u0131lmal\u0131&#8221; gibi genel \u00f6nerilerin yerine, hedef rakamlar, proje ad\u0131mlar\u0131 ve takvim i\u00e7eren fikirlerin daha anlaml\u0131 olaca\u011f\u0131n\u0131 vurgulad\u0131. Konu\u015fmas\u0131nda ayr\u0131ca, Pamukkale \u00dcniversitesi taraf\u0131ndan geli\u015ftirilen mobil sesli turizm rehberi ve Denizli y\u00f6resel mutfa\u011f\u0131 envanteri gibi dijital projelerden bahseden Bertan, \u00c7ameli\u2019nin bu projelerde \u00f6zel bir yer edindi\u011fini belirtti.<\/p>\n<p>\u0130kinci oturumda ise, yuvarlak masa d\u00fczeninde farkl\u0131 konu ba\u015fl\u0131klar\u0131 alt\u0131nda grup \u00e7al\u0131\u015fmalar\u0131 ger\u00e7ekle\u015ftirildi. Protokol \u00dcyeleri, Pamukkale \u00dcniversitesi Akademisyenleri, \u00c7ameli \u0130l\u00e7esindeki \u0130\u015fletme ve Konaklama Tesisi sahipleri, Mahalle Muhtarlar\u0131 ve  kat\u0131l\u0131mc\u0131lar turizm vizyonu, s\u00fcrd\u00fcr\u00fclebilirlik, tan\u0131t\u0131m stratejileri ve yerel kalk\u0131nma gibi ba\u015fl\u0131klarda g\u00f6r\u00fc\u015f ve \u00f6nerilerini payla\u015ft\u0131. \u00d6\u011fle yeme\u011finde, \u00c7ameli\u2019nin Co\u011frafi \u0130\u015faretli \u00fcr\u00fcn\u00fc olan \u00c7ameli Fasulyesi ile haz\u0131rlanan kuru fasulye ve di\u011fer y\u00f6resel lezzetler ta\u015f konaklarda ikram edildi. G\u00fcn sonunda, \u00e7al\u0131\u015fma gruplar\u0131n\u0131n haz\u0131rlad\u0131\u011f\u0131 raporlar birle\u015ftirilerek &#8220;\u00c7ameli Turizm Yol Haritas\u0131 Sonu\u00e7 Raporu&#8221; olu\u015fturuldu. Raporlar grup ba\u015fkanlar\u0131 taraf\u0131ndan kat\u0131l\u0131mc\u0131larla payla\u015f\u0131ld\u0131.<br \/>\n<br \/>Belediye Ba\u015fkan\u0131 Cengiz Arslan, \u00c7ameli\u2019nin turizm potansiyelini en iyi \u015fekilde de\u011ferlendirmek ad\u0131na \u00e7al\u0131\u015fmalar\u0131n s\u00fcrece\u011fini belirterek t\u00fcm kat\u0131l\u0131mc\u0131lara te\u015fekk\u00fcr etti.<br \/><\/p>\n","protected":false},"excerpt":{"rendered":"<p>30 Eyl\u00fcl 2025 tarihinde Hayri Dev K\u00fclt\u00fcr Merkezi\u2019nde, \u00c7ameli Meslek Y\u00fcksekokulu ev sahipli\u011finde d\u00fczenlenen \u2018Sakin \u015eehir \u00c7ameli Turizm Yol Haritas\u0131 \u00c7al\u0131\u015ftay\u0131\u2019 yo\u011fun kat\u0131l\u0131mla ger\u00e7ekle\u015ftirildi. Sayg\u0131 duru\u015fu ve \u0130stiklal Mar\u015f\u0131\u2019n\u0131n okunmas\u0131yla ba\u015flayan program, \u0130l K\u00fclt\u00fcr ve Turizm M\u00fcd\u00fcr\u00fc H\u00fcdaverdi Otakl\u0131, \u00c7ameli Belediye Ba\u015fkan\u0131 Cengiz Arslan ve Pamukkale \u00dcniversitesi Rekt\u00f6r\u00fc Prof. Dr. Mahmud G\u00fcng\u00f6r\u2019\u00fcn a\u00e7\u0131l\u0131\u015f konu\u015fmalar\u0131yla devam&#8230;<\/p>\n","protected":false},"author":1,"featured_media":59249,"comment_status":"open","ping_status":"open","sticky":false,"template":"","format":"standard","meta":{"_crdt_document":"","footnotes":""},"categories":[125],"tags":[],"class_list":["post-59248","post","type-post","status-publish","format-standard","has-post-thumbnail","hentry","category-ekonomi"],"_links":{"self":[{"href":"https:\/\/www.egemtv.com\/index.php?rest_route=\/wp\/v2\/posts\/59248","targetHints":{"allow":["GET"]}}],"collection":[{"href":"https:\/\/www.egemtv.com\/index.php?rest_route=\/wp\/v2\/posts"}],"about":[{"href":"https:\/\/www.egemtv.com\/index.php?rest_route=\/wp\/v2\/types\/post"}],"author":[{"embeddable":true,"href":"https:\/\/www.egemtv.com\/index.php?rest_route=\/wp\/v2\/users\/1"}],"replies":[{"embeddable":true,"href":"https:\/\/www.egemtv.com\/index.php?rest_route=%2Fwp%2Fv2%2Fcomments&post=59248"}],"version-history":[{"count":1,"href":"https:\/\/www.egemtv.com\/index.php?rest_route=\/wp\/v2\/posts\/59248\/revisions"}],"predecessor-version":[{"id":59250,"href":"https:\/\/www.egemtv.com\/index.php?rest_route=\/wp\/v2\/posts\/59248\/revisions\/59250"}],"wp:featuredmedia":[{"embeddable":true,"href":"https:\/\/www.egemtv.com\/index.php?rest_route=\/wp\/v2\/media\/59249"}],"wp:attachment":[{"href":"https:\/\/www.egemtv.com\/index.php?rest_route=%2Fwp%2Fv2%2Fmedia&parent=59248"}],"wp:term":[{"taxonomy":"category","embeddable":true,"href":"https:\/\/www.egemtv.com\/index.php?rest_route=%2Fwp%2Fv2%2Fcategories&post=59248"},{"taxonomy":"post_tag","embeddable":true,"href":"https:\/\/www.egemtv.com\/index.php?rest_route=%2Fwp%2Fv2%2Ftags&post=59248"}],"curies":[{"name":"wp","href":"https:\/\/api.w.org\/{rel}","templated":true}]}}