{"id":59245,"date":"2025-10-04T12:15:33","date_gmt":"2025-10-04T09:15:33","guid":{"rendered":"https:\/\/www.egemtv.com\/?p=59245"},"modified":"2025-10-04T12:15:37","modified_gmt":"2025-10-04T09:15:37","slug":"karsiyaka-basketbolun-konugu-merkezefendi","status":"publish","type":"post","link":"https:\/\/www.egemtv.com\/?p=59245","title":{"rendered":"Kar\u015f\u0131yaka Basketbol\u2019un konu\u011fu Merkezefendi"},"content":{"rendered":"<p>Kar\u015f\u0131yaka, Basketbol S\u00fcper Ligi\u2019nin 2. haftas\u0131nda Merkezefendi Belediyesi Basket\u2019i konuk edecek.<br \/>\n<br \/>Basketbol S\u00fcper Ligi ekiplerinden Kar\u015f\u0131yaka, 2. hafta m\u00fccadelesinde yar\u0131n saat 18.00\u2019de Merkezefendi Belediyesi Basket ile kar\u015f\u0131 kar\u015f\u0131ya gelecek. Ye\u015fil-k\u0131rm\u0131z\u0131l\u0131lar sezona yenilgiyle ba\u015flarken, Denizli temsilcisi ise ilk ma\u00e7\u0131n\u0131 kazand\u0131. \u0130zmir temsilcisi rakibini ma\u011flup ederek hem ilk galibiyetini elde etmek istiyor hem de taraftar\u0131n\u0131 mutlu etmeyi hedefliyor.<br \/>\n<br \/>\u0130ki ekip aras\u0131ndaki m\u00fcsabakay\u0131 Zafer Y\u0131lmaz, Mehmet Serdar \u00dcnal ve Batuhan S\u00f6ylemezo\u011flu hakem \u00fc\u00e7l\u00fcs\u00fc y\u00f6netecek.<br \/>\n<br \/>Kar\u015f\u0131la\u015fman\u0131n biletleri ise tam 500 TL, \u00f6\u011frenci ise 250 TL\u2019den sat\u0131\u015fa sunuldu.<\/p>\n<p>Kar\u015f\u0131yaka\u2019dan iki transfer<br \/>\n<br \/>Basketbol S\u00fcper Ligi ekiplerinden Kar\u015f\u0131yaka, eski oyuncusu Serkan Mente\u015fe ve ABD\u2019li oyuncu Cameron Young\u2019\u0131 kadrosuna katt\u0131\u011f\u0131n\u0131 duyurdu.<br \/>\n<br \/>Serkan Mente\u015fe transferiyle ilgili yap\u0131lan a\u00e7\u0131klamada, &#8220;Kul\u00fcb\u00fcm\u00fcz\u00fcn altyap\u0131s\u0131ndan yeti\u015fen ve ge\u00e7ti\u011fimiz sezonu MKE Ankarag\u00fcc\u00fc\u2019nde tamamlayan Serkan Mente\u015fe, 2025-2026 sezonunda yeniden Kar\u015f\u0131yaka formas\u0131 giyecek. Serkan\u2019a ye\u015fil-k\u0131rm\u0131z\u0131l\u0131 formayla ba\u015far\u0131l\u0131 bir sezon diliyor, kul\u00fcb\u00fcm\u00fcze ho\u015f geldin diyoruz&#8221; ifadeleri kullan\u0131ld\u0131.<br \/>\n<br \/>\u0130zmir ekibi, Cameron Young transferi hakk\u0131nda da \u015fu ifadelere yer verdi: &#8220;Ge\u00e7ti\u011fimiz sezonu Central Club\u2019da tamamlayan Cameron Young 2025-2026 sezonunda Kar\u015f\u0131yaka formas\u0131 giyecek. Cameron\u2019a ye\u015fil-k\u0131rm\u0131z\u0131l\u0131 formayla ba\u015far\u0131l\u0131 bir sezon diliyor, kul\u00fcb\u00fcm\u00fcze ho\u015f geldin diyoruz.&#8221;<br \/><\/p>\n","protected":false},"excerpt":{"rendered":"<p>Kar\u015f\u0131yaka, Basketbol S\u00fcper Ligi\u2019nin 2. haftas\u0131nda Merkezefendi Belediyesi Basket\u2019i konuk edecek. Basketbol S\u00fcper Ligi ekiplerinden Kar\u015f\u0131yaka, 2. hafta m\u00fccadelesinde yar\u0131n saat 18.00\u2019de Merkezefendi Belediyesi Basket ile kar\u015f\u0131 kar\u015f\u0131ya gelecek. Ye\u015fil-k\u0131rm\u0131z\u0131l\u0131lar sezona yenilgiyle ba\u015flarken, Denizli temsilcisi ise ilk ma\u00e7\u0131n\u0131 kazand\u0131. \u0130zmir temsilcisi rakibini ma\u011flup ederek hem ilk galibiyetini elde etmek istiyor hem de taraftar\u0131n\u0131 mutlu etmeyi&#8230;<\/p>\n","protected":false},"author":1,"featured_media":59246,"comment_status":"open","ping_status":"open","sticky":false,"template":"","format":"standard","meta":{"_crdt_document":"","footnotes":""},"categories":[4],"tags":[],"class_list":["post-59245","post","type-post","status-publish","format-standard","has-post-thumbnail","hentry","category-spor"],"_links":{"self":[{"href":"https:\/\/www.egemtv.com\/index.php?rest_route=\/wp\/v2\/posts\/59245","targetHints":{"allow":["GET"]}}],"collection":[{"href":"https:\/\/www.egemtv.com\/index.php?rest_route=\/wp\/v2\/posts"}],"about":[{"href":"https:\/\/www.egemtv.com\/index.php?rest_route=\/wp\/v2\/types\/post"}],"author":[{"embeddable":true,"href":"https:\/\/www.egemtv.com\/index.php?rest_route=\/wp\/v2\/users\/1"}],"replies":[{"embeddable":true,"href":"https:\/\/www.egemtv.com\/index.php?rest_route=%2Fwp%2Fv2%2Fcomments&post=59245"}],"version-history":[{"count":1,"href":"https:\/\/www.egemtv.com\/index.php?rest_route=\/wp\/v2\/posts\/59245\/revisions"}],"predecessor-version":[{"id":59247,"href":"https:\/\/www.egemtv.com\/index.php?rest_route=\/wp\/v2\/posts\/59245\/revisions\/59247"}],"wp:featuredmedia":[{"embeddable":true,"href":"https:\/\/www.egemtv.com\/index.php?rest_route=\/wp\/v2\/media\/59246"}],"wp:attachment":[{"href":"https:\/\/www.egemtv.com\/index.php?rest_route=%2Fwp%2Fv2%2Fmedia&parent=59245"}],"wp:term":[{"taxonomy":"category","embeddable":true,"href":"https:\/\/www.egemtv.com\/index.php?rest_route=%2Fwp%2Fv2%2Fcategories&post=59245"},{"taxonomy":"post_tag","embeddable":true,"href":"https:\/\/www.egemtv.com\/index.php?rest_route=%2Fwp%2Fv2%2Ftags&post=59245"}],"curies":[{"name":"wp","href":"https:\/\/api.w.org\/{rel}","templated":true}]}}