{"id":59239,"date":"2025-10-04T11:55:25","date_gmt":"2025-10-04T08:55:25","guid":{"rendered":"https:\/\/www.egemtv.com\/?p=59239"},"modified":"2025-10-04T11:55:26","modified_gmt":"2025-10-04T08:55:26","slug":"gediz-milli-egitim-mudurlugunde-veda-etkinligi","status":"publish","type":"post","link":"https:\/\/www.egemtv.com\/?p=59239","title":{"rendered":"Gediz Mill\u00ee E\u011fitim M\u00fcd\u00fcrl\u00fc\u011f\u00fc\u2019nde veda etkinli\u011fi"},"content":{"rendered":"<p>Gediz \u0130l\u00e7e Mill\u00ee E\u011fitim M\u00fcd\u00fcrl\u00fc\u011f\u00fc\u2019nde yakla\u015f\u0131k iki y\u0131l boyunca \u015fube m\u00fcd\u00fcrl\u00fc\u011f\u00fc ve \u0130l\u00e7e Mill\u00ee E\u011fitim M\u00fcd\u00fcr Vekilli\u011fi g\u00f6revlerini y\u00fcr\u00fcten Murat \u0130\u00e7el i\u00e7in veda program\u0131 d\u00fczenlendi.<br \/>\n<br \/>\u0130\u00e7el, \u0130zmir\u2019in \u00d6demi\u015f \u0130l\u00e7e Mill\u00ee E\u011fitim M\u00fcd\u00fcrl\u00fc\u011f\u00fc\u2019ne \u015eube M\u00fcd\u00fcr\u00fc olarak atanmas\u0131n\u0131n ard\u0131ndan Gediz\u2019deki mesai arkada\u015flar\u0131yla bir araya geldi. D\u00fczenlenen programa, k\u0131sa s\u00fcre \u00f6nce g\u00f6reve ba\u015flayan \u0130l\u00e7e Mill\u00ee E\u011fitim M\u00fcd\u00fcr\u00fc Recep Ayd\u0131n\u2019\u0131n yan\u0131 s\u0131ra \u00f6nceki d\u00f6nem \u0130l\u00e7e Mill\u00ee E\u011fitim M\u00fcd\u00fcr\u00fc Mahmut Bahadur, \u015eube M\u00fcd\u00fcrleri Mustafa Tosuno\u011flu ve Ya\u015far Kandemir, birim \u015fefleri, memurlar ve kurum personeli geni\u015f kat\u0131l\u0131m g\u00f6sterdi.<br \/>\n<br \/>Programda konu\u015fan Ayd\u0131n, \u0130\u00e7el\u2019e Gediz e\u011fitimine verdi\u011fi de\u011ferli katk\u0131lardan dolay\u0131 te\u015fekk\u00fcrlerini iletti.<br \/>\n<br \/>Konu\u015fmalar\u0131n ard\u0131ndan M\u00fcd\u00fcr Ayd\u0131n, Murat \u0130\u00e7el\u2019e Gediz\u2019deki g\u00f6revinin an\u0131s\u0131na plaket ve hediye takdim etti.<br \/><\/p>\n","protected":false},"excerpt":{"rendered":"<p>Gediz \u0130l\u00e7e Mill\u00ee E\u011fitim M\u00fcd\u00fcrl\u00fc\u011f\u00fc\u2019nde yakla\u015f\u0131k iki y\u0131l boyunca \u015fube m\u00fcd\u00fcrl\u00fc\u011f\u00fc ve \u0130l\u00e7e Mill\u00ee E\u011fitim M\u00fcd\u00fcr Vekilli\u011fi g\u00f6revlerini y\u00fcr\u00fcten Murat \u0130\u00e7el i\u00e7in veda program\u0131 d\u00fczenlendi. \u0130\u00e7el, \u0130zmir\u2019in \u00d6demi\u015f \u0130l\u00e7e Mill\u00ee E\u011fitim M\u00fcd\u00fcrl\u00fc\u011f\u00fc\u2019ne \u015eube M\u00fcd\u00fcr\u00fc olarak atanmas\u0131n\u0131n ard\u0131ndan Gediz\u2019deki mesai arkada\u015flar\u0131yla bir araya geldi. D\u00fczenlenen programa, k\u0131sa s\u00fcre \u00f6nce g\u00f6reve ba\u015flayan \u0130l\u00e7e Mill\u00ee E\u011fitim M\u00fcd\u00fcr\u00fc Recep&#8230;<\/p>\n","protected":false},"author":1,"featured_media":59240,"comment_status":"open","ping_status":"open","sticky":false,"template":"","format":"standard","meta":{"_crdt_document":"","footnotes":""},"categories":[123],"tags":[],"class_list":["post-59239","post","type-post","status-publish","format-standard","has-post-thumbnail","hentry","category-gundem"],"_links":{"self":[{"href":"https:\/\/www.egemtv.com\/index.php?rest_route=\/wp\/v2\/posts\/59239","targetHints":{"allow":["GET"]}}],"collection":[{"href":"https:\/\/www.egemtv.com\/index.php?rest_route=\/wp\/v2\/posts"}],"about":[{"href":"https:\/\/www.egemtv.com\/index.php?rest_route=\/wp\/v2\/types\/post"}],"author":[{"embeddable":true,"href":"https:\/\/www.egemtv.com\/index.php?rest_route=\/wp\/v2\/users\/1"}],"replies":[{"embeddable":true,"href":"https:\/\/www.egemtv.com\/index.php?rest_route=%2Fwp%2Fv2%2Fcomments&post=59239"}],"version-history":[{"count":1,"href":"https:\/\/www.egemtv.com\/index.php?rest_route=\/wp\/v2\/posts\/59239\/revisions"}],"predecessor-version":[{"id":59241,"href":"https:\/\/www.egemtv.com\/index.php?rest_route=\/wp\/v2\/posts\/59239\/revisions\/59241"}],"wp:featuredmedia":[{"embeddable":true,"href":"https:\/\/www.egemtv.com\/index.php?rest_route=\/wp\/v2\/media\/59240"}],"wp:attachment":[{"href":"https:\/\/www.egemtv.com\/index.php?rest_route=%2Fwp%2Fv2%2Fmedia&parent=59239"}],"wp:term":[{"taxonomy":"category","embeddable":true,"href":"https:\/\/www.egemtv.com\/index.php?rest_route=%2Fwp%2Fv2%2Fcategories&post=59239"},{"taxonomy":"post_tag","embeddable":true,"href":"https:\/\/www.egemtv.com\/index.php?rest_route=%2Fwp%2Fv2%2Ftags&post=59239"}],"curies":[{"name":"wp","href":"https:\/\/api.w.org\/{rel}","templated":true}]}}