{"id":59236,"date":"2025-10-04T11:55:21","date_gmt":"2025-10-04T08:55:21","guid":{"rendered":"https:\/\/www.egemtv.com\/?p=59236"},"modified":"2025-10-04T11:55:22","modified_gmt":"2025-10-04T08:55:22","slug":"1-yildir-kapali-olan-emet-termal-otel-tahliye-edildi","status":"publish","type":"post","link":"https:\/\/www.egemtv.com\/?p=59236","title":{"rendered":"1 y\u0131ld\u0131r kapal\u0131 olan Emet Termal Otel tahliye edildi"},"content":{"rendered":"<p>K\u00fctahya\u2019n\u0131n Emet il\u00e7esinde ge\u00e7en y\u0131l i\u015fletme ruhsat\u0131 olmad\u0131\u011f\u0131 gerek\u00e7esiyle bo\u015falt\u0131larak m\u00fch\u00fcrlenen Emet Termal Otel, \u0130dare Mahkemesi\u2019nin y\u00fcr\u00fctmeyi durdurma karar\u0131n\u0131 iptal etmesinin ard\u0131ndan, yasal i\u015flemlerin tamamlanmas\u0131yla Emet Kaymakaml\u0131\u011f\u0131 taraf\u0131ndan tahliye edilen otel, Emet Belediyesi\u2019ne teslim edilerek halk\u0131n hizmetine sunulacak.<br \/>\n<br \/>13 Eyl\u00fcl 2024 tarihinde i\u015fletme ruhsat\u0131 olmad\u0131\u011f\u0131 gerek\u00e7esiyle bo\u015falt\u0131larak m\u00fch\u00fcrlenen termal otel, \u0130dare Mahkemesi\u2019nin y\u00fcr\u00fctmeyi durdurma karar\u0131n\u0131 iptal etmesinin ard\u0131ndan Kaymakaml\u0131\u011f\u0131n g\u00f6revlendirmesiyle Emet Belediyesi Zab\u0131ta Amirli\u011fi eliyle tahliye i\u015flemleri ger\u00e7ekle\u015ftirildi. Tahliye edilen tesis birka\u00e7 g\u00fcn i\u00e7inde Emet Belediyesi\u2019ne teslim edilecek. \u0130lk etapta Ye\u015fil Kapl\u0131ca ve Hac\u0131naklar havuzu faaliyete ge\u00e7irilerek halk\u0131n hizmetine sunulacak. Tesisin en k\u0131sa s\u00fcrede tam kapasiteyle hizmete girmesi i\u00e7in belediyece gerekli \u00e7al\u0131\u015fmalar yap\u0131lacak.<br \/><\/p>\n","protected":false},"excerpt":{"rendered":"<p>K\u00fctahya\u2019n\u0131n Emet il\u00e7esinde ge\u00e7en y\u0131l i\u015fletme ruhsat\u0131 olmad\u0131\u011f\u0131 gerek\u00e7esiyle bo\u015falt\u0131larak m\u00fch\u00fcrlenen Emet Termal Otel, \u0130dare Mahkemesi\u2019nin y\u00fcr\u00fctmeyi durdurma karar\u0131n\u0131 iptal etmesinin ard\u0131ndan, yasal i\u015flemlerin tamamlanmas\u0131yla Emet Kaymakaml\u0131\u011f\u0131 taraf\u0131ndan tahliye edilen otel, Emet Belediyesi\u2019ne teslim edilerek halk\u0131n hizmetine sunulacak. 13 Eyl\u00fcl 2024 tarihinde i\u015fletme ruhsat\u0131 olmad\u0131\u011f\u0131 gerek\u00e7esiyle bo\u015falt\u0131larak m\u00fch\u00fcrlenen termal otel, \u0130dare Mahkemesi\u2019nin y\u00fcr\u00fctmeyi durdurma karar\u0131n\u0131&#8230;<\/p>\n","protected":false},"author":1,"featured_media":59237,"comment_status":"open","ping_status":"open","sticky":false,"template":"","format":"standard","meta":{"_crdt_document":"","footnotes":""},"categories":[125],"tags":[],"class_list":["post-59236","post","type-post","status-publish","format-standard","has-post-thumbnail","hentry","category-ekonomi"],"_links":{"self":[{"href":"https:\/\/www.egemtv.com\/index.php?rest_route=\/wp\/v2\/posts\/59236","targetHints":{"allow":["GET"]}}],"collection":[{"href":"https:\/\/www.egemtv.com\/index.php?rest_route=\/wp\/v2\/posts"}],"about":[{"href":"https:\/\/www.egemtv.com\/index.php?rest_route=\/wp\/v2\/types\/post"}],"author":[{"embeddable":true,"href":"https:\/\/www.egemtv.com\/index.php?rest_route=\/wp\/v2\/users\/1"}],"replies":[{"embeddable":true,"href":"https:\/\/www.egemtv.com\/index.php?rest_route=%2Fwp%2Fv2%2Fcomments&post=59236"}],"version-history":[{"count":1,"href":"https:\/\/www.egemtv.com\/index.php?rest_route=\/wp\/v2\/posts\/59236\/revisions"}],"predecessor-version":[{"id":59238,"href":"https:\/\/www.egemtv.com\/index.php?rest_route=\/wp\/v2\/posts\/59236\/revisions\/59238"}],"wp:featuredmedia":[{"embeddable":true,"href":"https:\/\/www.egemtv.com\/index.php?rest_route=\/wp\/v2\/media\/59237"}],"wp:attachment":[{"href":"https:\/\/www.egemtv.com\/index.php?rest_route=%2Fwp%2Fv2%2Fmedia&parent=59236"}],"wp:term":[{"taxonomy":"category","embeddable":true,"href":"https:\/\/www.egemtv.com\/index.php?rest_route=%2Fwp%2Fv2%2Fcategories&post=59236"},{"taxonomy":"post_tag","embeddable":true,"href":"https:\/\/www.egemtv.com\/index.php?rest_route=%2Fwp%2Fv2%2Ftags&post=59236"}],"curies":[{"name":"wp","href":"https:\/\/api.w.org\/{rel}","templated":true}]}}