{"id":59233,"date":"2025-10-04T11:55:17","date_gmt":"2025-10-04T08:55:17","guid":{"rendered":"https:\/\/www.egemtv.com\/?p=59233"},"modified":"2025-10-04T11:55:19","modified_gmt":"2025-10-04T08:55:19","slug":"dpude-ahmet-yakupoglu-anisina-uluslararasi-sanat-ve-tasarim-calistayi-sergisi","status":"publish","type":"post","link":"https:\/\/www.egemtv.com\/?p=59233","title":{"rendered":"DP\u00dc\u2019de Ahmet Yakupo\u011flu an\u0131s\u0131na uluslararas\u0131 sanat ve tasar\u0131m \u00e7al\u0131\u015ftay\u0131 sergisi"},"content":{"rendered":"<p>K\u00fctahya Dumlup\u0131nar \u00dcniversitesi (DP\u00dc) G\u00fczel Sanatlar Fak\u00fcltesi taraf\u0131ndan d\u00fczenlenen &#8220;Ahmet Yakupo\u011flu An\u0131s\u0131na Uluslararas\u0131 Sanat ve Tasar\u0131m \u00c7al\u0131\u015ftay\u0131 Uluslararas\u0131 Karma Sergisi&#8221;, G\u00fczel Sanatlar Fak\u00fcltesi Zafer Sanat Galerisi\u2019nde a\u00e7\u0131l\u0131\u015f\u0131 ger\u00e7ekle\u015fti.<br \/>\n<br \/>Serginin a\u00e7\u0131l\u0131\u015f\u0131na DP\u00dc Rekt\u00f6r\u00fc Prof. Dr. S\u00fcleyman K\u0131z\u0131ltoprak, akademisyenler, \u00f6\u011frenciler, sanat\u00e7\u0131lar ve sanatseverler kat\u0131ld\u0131. A\u00e7\u0131l\u0131\u015f konu\u015fmas\u0131n\u0131 yapan G\u00fczel Sanatlar Fak\u00fcltesi Dekan\u0131 Prof. Dr. Levent Mercin, serginin haz\u0131rlanmas\u0131nda eme\u011fi ge\u00e7enlere te\u015fekk\u00fcrlerini iletti. Ard\u0131ndan K\u00fctahya K\u00fclt\u00fcr ve Sosyal \u0130\u015fler M\u00fcd\u00fcr\u00fc Y\u0131ld\u0131r\u0131m Akg\u00fcl s\u00f6z ald\u0131.<br \/>\n<br \/>Sergide bir konu\u015fma yapan Rekt\u00f6r Prof. Dr. S\u00fcleyman K\u0131z\u0131ltoprak, Ahmet Yakupo\u011flu\u2019nun K\u00fctahya\u2019n\u0131n k\u00fclt\u00fcrel miras\u0131n\u0131 resimleriyle \u00f6l\u00fcms\u00fczle\u015ftirdi\u011fini vurgulayarak, resim sanat\u0131n\u0131n insanl\u0131\u011f\u0131n ortak dili oldu\u011funu belirtti. Ressamlar\u0131n toplumun hayallerini, sevin\u00e7lerini ve ac\u0131lar\u0131n\u0131 tuvale aktaran sanat\u00e7\u0131lar oldu\u011funa dikkat \u00e7eken Rekt\u00f6r K\u0131z\u0131ltoprak, &#8220;Sanata ve sanat\u00e7\u0131ya sahip \u00e7\u0131kmak, asl\u0131nda kendi k\u00fclt\u00fcr\u00fcm\u00fcze ve gelece\u011fimize sahip \u00e7\u0131kmakt\u0131r&#8221; dedi.<br \/>\n<br \/>Konu\u015fmalar\u0131n ard\u0131ndan, Rekt\u00f6r K\u0131z\u0131ltoprak taraf\u0131ndan sergide eme\u011fi ge\u00e7en sanat\u00e7\u0131lara ve kat\u0131l\u0131mc\u0131lara te\u015fekk\u00fcr belgeleri takdim edildi. Davetlilerden b\u00fcy\u00fck ilgi g\u00f6ren sergide 17 sanat\u00e7\u0131ya ait 34 eser yer ald\u0131. Ahmet Yakupo\u011flu\u2019nun do\u011fumunun 105.\u2019nci y\u0131l\u0131 an\u0131s\u0131na d\u00fczenlenen uluslararas\u0131 \u00e7al\u0131\u015ftay ve sempozyum kapsam\u0131nda ger\u00e7ekle\u015ftirilen serginin ard\u0131ndan, a\u00e7\u0131l\u0131\u015f\u0131 yap\u0131lan Uluslararas\u0131 Sanat ve Tasar\u0131m Sempozyumu Sergisinde kat\u0131l\u0131mc\u0131lar eserleri incelediler.<br \/><\/p>\n","protected":false},"excerpt":{"rendered":"<p>K\u00fctahya Dumlup\u0131nar \u00dcniversitesi (DP\u00dc) G\u00fczel Sanatlar Fak\u00fcltesi taraf\u0131ndan d\u00fczenlenen &#8220;Ahmet Yakupo\u011flu An\u0131s\u0131na Uluslararas\u0131 Sanat ve Tasar\u0131m \u00c7al\u0131\u015ftay\u0131 Uluslararas\u0131 Karma Sergisi&#8221;, G\u00fczel Sanatlar Fak\u00fcltesi Zafer Sanat Galerisi\u2019nde a\u00e7\u0131l\u0131\u015f\u0131 ger\u00e7ekle\u015fti. Serginin a\u00e7\u0131l\u0131\u015f\u0131na DP\u00dc Rekt\u00f6r\u00fc Prof. Dr. S\u00fcleyman K\u0131z\u0131ltoprak, akademisyenler, \u00f6\u011frenciler, sanat\u00e7\u0131lar ve sanatseverler kat\u0131ld\u0131. A\u00e7\u0131l\u0131\u015f konu\u015fmas\u0131n\u0131 yapan G\u00fczel Sanatlar Fak\u00fcltesi Dekan\u0131 Prof. Dr. Levent Mercin, serginin haz\u0131rlanmas\u0131nda&#8230;<\/p>\n","protected":false},"author":1,"featured_media":59234,"comment_status":"open","ping_status":"open","sticky":false,"template":"","format":"standard","meta":{"_crdt_document":"","footnotes":""},"categories":[1],"tags":[],"class_list":["post-59233","post","type-post","status-publish","format-standard","has-post-thumbnail","hentry","category-guncel"],"_links":{"self":[{"href":"https:\/\/www.egemtv.com\/index.php?rest_route=\/wp\/v2\/posts\/59233","targetHints":{"allow":["GET"]}}],"collection":[{"href":"https:\/\/www.egemtv.com\/index.php?rest_route=\/wp\/v2\/posts"}],"about":[{"href":"https:\/\/www.egemtv.com\/index.php?rest_route=\/wp\/v2\/types\/post"}],"author":[{"embeddable":true,"href":"https:\/\/www.egemtv.com\/index.php?rest_route=\/wp\/v2\/users\/1"}],"replies":[{"embeddable":true,"href":"https:\/\/www.egemtv.com\/index.php?rest_route=%2Fwp%2Fv2%2Fcomments&post=59233"}],"version-history":[{"count":1,"href":"https:\/\/www.egemtv.com\/index.php?rest_route=\/wp\/v2\/posts\/59233\/revisions"}],"predecessor-version":[{"id":59235,"href":"https:\/\/www.egemtv.com\/index.php?rest_route=\/wp\/v2\/posts\/59233\/revisions\/59235"}],"wp:featuredmedia":[{"embeddable":true,"href":"https:\/\/www.egemtv.com\/index.php?rest_route=\/wp\/v2\/media\/59234"}],"wp:attachment":[{"href":"https:\/\/www.egemtv.com\/index.php?rest_route=%2Fwp%2Fv2%2Fmedia&parent=59233"}],"wp:term":[{"taxonomy":"category","embeddable":true,"href":"https:\/\/www.egemtv.com\/index.php?rest_route=%2Fwp%2Fv2%2Fcategories&post=59233"},{"taxonomy":"post_tag","embeddable":true,"href":"https:\/\/www.egemtv.com\/index.php?rest_route=%2Fwp%2Fv2%2Ftags&post=59233"}],"curies":[{"name":"wp","href":"https:\/\/api.w.org\/{rel}","templated":true}]}}